{"id":6718,"date":"2022-03-23T11:33:09","date_gmt":"2022-03-23T10:33:09","guid":{"rendered":"https:\/\/verduweb.com\/blog\/?p=6718"},"modified":"2022-03-23T11:35:07","modified_gmt":"2022-03-23T10:35:07","slug":"novedades-para-feria-mueble-zaragoza","status":"publish","type":"post","link":"https:\/\/verduweb.com\/blog\/novedades-para-feria-mueble-zaragoza\/","title":{"rendered":"Feria del Mueble de Zaragoza 2022: Verd\u00fa presenta novedades y cat\u00e1logo"},"content":{"rendered":"\n<div class=\"wp-block-image\"><figure class=\"aligncenter size-full\"><img data-recalc-dims=\"1\" loading=\"lazy\" decoding=\"async\" width=\"674\" height=\"318\" data-attachment-id=\"6792\" data-permalink=\"https:\/\/verduweb.com\/blog\/novedades-para-feria-mueble-zaragoza\/feria-del-mueble-zaragoza-2022\/\" data-orig-file=\"https:\/\/i0.wp.com\/verduweb.com\/blog\/wp-content\/uploads\/2022\/03\/feria-del-mueble-zaragoza-2022.jpg?fit=674%2C318&amp;ssl=1\" data-orig-size=\"674,318\" data-comments-opened=\"1\" data-image-meta=\"{&quot;aperture&quot;:&quot;0&quot;,&quot;credit&quot;:&quot;&quot;,&quot;camera&quot;:&quot;&quot;,&quot;caption&quot;:&quot;&quot;,&quot;created_timestamp&quot;:&quot;0&quot;,&quot;copyright&quot;:&quot;&quot;,&quot;focal_length&quot;:&quot;0&quot;,&quot;iso&quot;:&quot;0&quot;,&quot;shutter_speed&quot;:&quot;0&quot;,&quot;title&quot;:&quot;&quot;,&quot;orientation&quot;:&quot;1&quot;}\" data-image-title=\"feria-del-mueble-zaragoza-2022\" data-image-description=\"\" data-image-caption=\"\" data-medium-file=\"https:\/\/i0.wp.com\/verduweb.com\/blog\/wp-content\/uploads\/2022\/03\/feria-del-mueble-zaragoza-2022.jpg?fit=300%2C142&amp;ssl=1\" data-large-file=\"https:\/\/i0.wp.com\/verduweb.com\/blog\/wp-content\/uploads\/2022\/03\/feria-del-mueble-zaragoza-2022.jpg?fit=674%2C318&amp;ssl=1\" src=\"https:\/\/i0.wp.com\/verduweb.com\/blog\/wp-content\/uploads\/2022\/03\/feria-del-mueble-zaragoza-2022.jpg?resize=674%2C318&#038;ssl=1\" alt=\"feria del mueble zaragoza 2022\" class=\"wp-image-6792\" srcset=\"https:\/\/i0.wp.com\/verduweb.com\/blog\/wp-content\/uploads\/2022\/03\/feria-del-mueble-zaragoza-2022.jpg?w=674&amp;ssl=1 674w, https:\/\/i0.wp.com\/verduweb.com\/blog\/wp-content\/uploads\/2022\/03\/feria-del-mueble-zaragoza-2022.jpg?resize=300%2C142&amp;ssl=1 300w, https:\/\/i0.wp.com\/verduweb.com\/blog\/wp-content\/uploads\/2022\/03\/feria-del-mueble-zaragoza-2022.jpg?resize=520%2C245&amp;ssl=1 520w\" sizes=\"auto, (max-width: 674px) 100vw, 674px\" \/><\/figure><\/div>\n\n\n\n<p>Se acerca uno de los eventos m\u00e1s importantes del a\u00f1o para la industria del a\u00f1o. Una de las ferias de mayor trascendencia para el mueble, y m\u00e1s si cabe despu\u00e9s de 3 a\u00f1os estando ausente por la pandemia. Esta es <strong>Maderalia, uno de los mayores lugares de encuentro de los actores de la industria del mueble<\/strong> de toda Espa\u00f1a.<\/p>\n\n\n\n<p>Y como no podr\u00eda ser de otra forma, <strong><a href=\"https:\/\/verduonlinestore.com\/\">Verd\u00fa<\/a> va a ofrecer novedades<\/strong> en este escaparate que supone Maderalia. \u00a1Los dos art\u00edculos que mostramos en este art\u00edculo son solo un par de ellos! Te esperamos en la feria el 29 de Marzo.<\/p>\n\n\n\n<p>Estas son algunas de las principales novedades que se presentar\u00e1n en el primero de los eventos: la<strong> feria del mueble de Zaragoza.<\/strong><\/p>\n\n\n\n<div style=\"height:28px\" aria-hidden=\"true\" class=\"wp-block-spacer\"><\/div>\n\n\n\n<h2 class=\"has-text-align-center wp-block-heading\">Nuevo cat\u00e1logo de Mesa 20.23<\/h2>\n\n\n\n<div class=\"wp-block-image\"><figure class=\"aligncenter size-large is-resized\"><img data-recalc-dims=\"1\" loading=\"lazy\" decoding=\"async\" data-attachment-id=\"6757\" data-permalink=\"https:\/\/verduweb.com\/blog\/novedades-para-feria-mueble-zaragoza\/catalogo-de-mesa\/\" data-orig-file=\"https:\/\/i0.wp.com\/verduweb.com\/blog\/wp-content\/uploads\/2022\/03\/catalogo-de-mesa.jpg?fit=1200%2C1004&amp;ssl=1\" data-orig-size=\"1200,1004\" data-comments-opened=\"1\" data-image-meta=\"{&quot;aperture&quot;:&quot;0&quot;,&quot;credit&quot;:&quot;&quot;,&quot;camera&quot;:&quot;&quot;,&quot;caption&quot;:&quot;&quot;,&quot;created_timestamp&quot;:&quot;0&quot;,&quot;copyright&quot;:&quot;&quot;,&quot;focal_length&quot;:&quot;0&quot;,&quot;iso&quot;:&quot;0&quot;,&quot;shutter_speed&quot;:&quot;0&quot;,&quot;title&quot;:&quot;&quot;,&quot;orientation&quot;:&quot;1&quot;}\" data-image-title=\"catalogo-de-mesa\" data-image-description=\"\" data-image-caption=\"\" data-medium-file=\"https:\/\/i0.wp.com\/verduweb.com\/blog\/wp-content\/uploads\/2022\/03\/catalogo-de-mesa.jpg?fit=300%2C251&amp;ssl=1\" data-large-file=\"https:\/\/i0.wp.com\/verduweb.com\/blog\/wp-content\/uploads\/2022\/03\/catalogo-de-mesa.jpg?fit=1024%2C857&amp;ssl=1\" src=\"https:\/\/i0.wp.com\/verduweb.com\/blog\/wp-content\/uploads\/2022\/03\/catalogo-de-mesa.jpg?resize=632%2C529&#038;ssl=1\" alt=\"\" class=\"wp-image-6757\" width=\"632\" height=\"529\" srcset=\"https:\/\/i0.wp.com\/verduweb.com\/blog\/wp-content\/uploads\/2022\/03\/catalogo-de-mesa.jpg?resize=1024%2C857&amp;ssl=1 1024w, https:\/\/i0.wp.com\/verduweb.com\/blog\/wp-content\/uploads\/2022\/03\/catalogo-de-mesa.jpg?resize=300%2C251&amp;ssl=1 300w, https:\/\/i0.wp.com\/verduweb.com\/blog\/wp-content\/uploads\/2022\/03\/catalogo-de-mesa.jpg?resize=768%2C643&amp;ssl=1 768w, https:\/\/i0.wp.com\/verduweb.com\/blog\/wp-content\/uploads\/2022\/03\/catalogo-de-mesa.jpg?w=1200&amp;ssl=1 1200w\" sizes=\"auto, (max-width: 632px) 100vw, 632px\" \/><\/figure><\/div>\n\n\n\n<p>Las ferias de Zaragoza y Maderalia van a ser testigos del lanzamiento de un <strong>nuevo tipo de cat\u00e1logo <\/strong>que nunca antes ha sido impreso, el cat\u00e1logo de Mesa 20.23. En este cat\u00e1logo se concentran todo lo necesario para los fabricantes de mesas.<\/p>\n\n\n\n<p>En el cat\u00e1logo se podr\u00e1 encontrar una <strong>gran variedad de producto <\/strong>de las categor\u00edas de gu\u00edas y bastidores de apertura central y lateral, mecanismos elevables, bisagras, patas y fijaciones.<\/p>\n\n\n\n<div class=\"wp-block-buttons is-content-justification-center is-layout-flex wp-container-core-buttons-is-layout-16018d1d wp-block-buttons-is-layout-flex\">\n<div class=\"wp-block-button\"><a class=\"wp-block-button__link has-luminous-vivid-orange-background-color has-background\" href=\"https:\/\/www.yumpu.com\/es\/document\/read\/66586246\/catalogo-de-mesas-verdu-2023\" target=\"_blank\" rel=\"noreferrer noopener nofollow\"><strong>Ver cat\u00e1logo<\/strong><\/a><\/div>\n<\/div>\n\n\n\n<div style=\"height:26px\" aria-hidden=\"true\" class=\"wp-block-spacer\"><\/div>\n\n\n\n<h2 class=\"has-text-align-center wp-block-heading\">Pyramid: Caracter\u00edsticas <\/h2>\n\n\n\n<p>Pyramid es un novedoso sistema de puertas correderas para armarios de 2 y 3 puertas con posibilidad de cierre amortiguado a la apertura y al cierre. Es un sistema de deslizamiento para armarios de 2 o 3 puertas superpuestas.<\/p>\n\n\n\n<div class=\"wp-block-columns is-layout-flex wp-container-core-columns-is-layout-9d6595d7 wp-block-columns-is-layout-flex\">\n<div class=\"wp-block-column is-layout-flow wp-block-column-is-layout-flow\">\n<div class=\"wp-block-image\"><figure class=\"aligncenter size-full\"><img data-recalc-dims=\"1\" loading=\"lazy\" decoding=\"async\" width=\"430\" height=\"360\" data-attachment-id=\"6746\" data-permalink=\"https:\/\/verduweb.com\/blog\/novedades-para-feria-mueble-zaragoza\/pyramid\/\" data-orig-file=\"https:\/\/i0.wp.com\/verduweb.com\/blog\/wp-content\/uploads\/2022\/03\/pyramid.jpg?fit=430%2C360&amp;ssl=1\" data-orig-size=\"430,360\" data-comments-opened=\"1\" data-image-meta=\"{&quot;aperture&quot;:&quot;0&quot;,&quot;credit&quot;:&quot;Antonio Verd\\u00fa Hern\\u00e1ndez&quot;,&quot;camera&quot;:&quot;&quot;,&quot;caption&quot;:&quot;&quot;,&quot;created_timestamp&quot;:&quot;1647966885&quot;,&quot;copyright&quot;:&quot;&quot;,&quot;focal_length&quot;:&quot;0&quot;,&quot;iso&quot;:&quot;0&quot;,&quot;shutter_speed&quot;:&quot;0&quot;,&quot;title&quot;:&quot;&quot;,&quot;orientation&quot;:&quot;0&quot;}\" data-image-title=\"pyramid\" data-image-description=\"\" data-image-caption=\"\" data-medium-file=\"https:\/\/i0.wp.com\/verduweb.com\/blog\/wp-content\/uploads\/2022\/03\/pyramid.jpg?fit=300%2C251&amp;ssl=1\" data-large-file=\"https:\/\/i0.wp.com\/verduweb.com\/blog\/wp-content\/uploads\/2022\/03\/pyramid.jpg?fit=430%2C360&amp;ssl=1\" src=\"https:\/\/i0.wp.com\/verduweb.com\/blog\/wp-content\/uploads\/2022\/03\/pyramid.jpg?resize=430%2C360&#038;ssl=1\" alt=\"herraje puerta corredera\" class=\"wp-image-6746\" srcset=\"https:\/\/i0.wp.com\/verduweb.com\/blog\/wp-content\/uploads\/2022\/03\/pyramid.jpg?w=430&amp;ssl=1 430w, https:\/\/i0.wp.com\/verduweb.com\/blog\/wp-content\/uploads\/2022\/03\/pyramid.jpg?resize=300%2C251&amp;ssl=1 300w\" sizes=\"auto, (max-width: 430px) 100vw, 430px\" \/><\/figure><\/div>\n<\/div>\n\n\n\n<div class=\"wp-block-column is-layout-flow wp-block-column-is-layout-flow\">\n<div class=\"wp-block-image\"><figure class=\"aligncenter size-full\"><img data-recalc-dims=\"1\" loading=\"lazy\" decoding=\"async\" width=\"624\" height=\"352\" data-attachment-id=\"6747\" data-permalink=\"https:\/\/verduweb.com\/blog\/novedades-para-feria-mueble-zaragoza\/pyramid-puertas\/\" data-orig-file=\"https:\/\/i0.wp.com\/verduweb.com\/blog\/wp-content\/uploads\/2022\/03\/pyramid-puertas.jpg?fit=624%2C352&amp;ssl=1\" data-orig-size=\"624,352\" data-comments-opened=\"1\" data-image-meta=\"{&quot;aperture&quot;:&quot;0&quot;,&quot;credit&quot;:&quot;Antonio Verd\\u00fa Hern\\u00e1ndez&quot;,&quot;camera&quot;:&quot;&quot;,&quot;caption&quot;:&quot;&quot;,&quot;created_timestamp&quot;:&quot;1647966930&quot;,&quot;copyright&quot;:&quot;&quot;,&quot;focal_length&quot;:&quot;0&quot;,&quot;iso&quot;:&quot;0&quot;,&quot;shutter_speed&quot;:&quot;0&quot;,&quot;title&quot;:&quot;&quot;,&quot;orientation&quot;:&quot;0&quot;}\" data-image-title=\"pyramid-puertas\" data-image-description=\"\" data-image-caption=\"\" data-medium-file=\"https:\/\/i0.wp.com\/verduweb.com\/blog\/wp-content\/uploads\/2022\/03\/pyramid-puertas.jpg?fit=300%2C169&amp;ssl=1\" data-large-file=\"https:\/\/i0.wp.com\/verduweb.com\/blog\/wp-content\/uploads\/2022\/03\/pyramid-puertas.jpg?fit=624%2C352&amp;ssl=1\" src=\"https:\/\/i0.wp.com\/verduweb.com\/blog\/wp-content\/uploads\/2022\/03\/pyramid-puertas.jpg?resize=624%2C352&#038;ssl=1\" alt=\"herraje puerta corredera\" class=\"wp-image-6747\" srcset=\"https:\/\/i0.wp.com\/verduweb.com\/blog\/wp-content\/uploads\/2022\/03\/pyramid-puertas.jpg?w=624&amp;ssl=1 624w, https:\/\/i0.wp.com\/verduweb.com\/blog\/wp-content\/uploads\/2022\/03\/pyramid-puertas.jpg?resize=300%2C169&amp;ssl=1 300w\" sizes=\"auto, (max-width: 624px) 100vw, 624px\" \/><\/figure><\/div>\n<\/div>\n<\/div>\n\n\n\n<p>Estas son algunas de las <strong>caracter\u00edsticas <\/strong>del sistema para puertas correderas Pyramid:<\/p>\n\n\n\n<ul class=\"wp-block-list\"><li>La carga m\u00e1xima del sistema es de 80 kg.<\/li><li>Para espesores de 22 hasta 48 mm.<\/li><li>Aplicable tanto a la derecha como a la izquierda.<\/li><li>Puede usarse para 2 o 3 puertas.<\/li><li>Opci\u00f3n de cierre amortiguado.<\/li><\/ul>\n\n\n\n<div class=\"wp-block-buttons is-content-justification-center is-layout-flex wp-container-core-buttons-is-layout-16018d1d wp-block-buttons-is-layout-flex\">\n<div class=\"wp-block-button\"><a class=\"wp-block-button__link has-luminous-vivid-orange-background-color has-background\" href=\"https:\/\/verduonlinestore.com\/buscar?controller=search&amp;actioninicial=https%3A%2F%2Fverduonlinestore.com%2Fbuscar&amp;actionproducto=https%3A%2F%2Fverduonlinestore.com%2Findex.php%3Fcontroller%3Dproduct&amp;id_product=&amp;orderby=position&amp;orderway=desc&amp;search_query=pyramid&amp;submit_search=\"><strong>Comprar<\/strong><\/a><\/div>\n<\/div>\n\n\n\n<div style=\"height:30px\" aria-hidden=\"true\" class=\"wp-block-spacer\"><\/div>\n\n\n\n<h2 class=\"has-text-align-center wp-block-heading\">Nuevas patas: Varinia y Konika<\/h2>\n\n\n\n<p>El dise\u00f1o de las patas para muebles evoluciona, y as\u00ed lo demuestran las patas Varnia y Konika en acabaos de cromo, negro y negro mate. En la feria de Zaragoza se podr\u00e1n ver f\u00edsicamente estos dos nuevos modelos de <a href=\"https:\/\/verduonlinestore.com\/7055-patas-metalicas\">patas met\u00e1licas para muebles<\/a>:<\/p>\n\n\n\n<div class=\"wp-block-columns is-layout-flex wp-container-core-columns-is-layout-9d6595d7 wp-block-columns-is-layout-flex\">\n<div class=\"wp-block-column is-layout-flow wp-block-column-is-layout-flow\">\n<div class=\"wp-block-image\"><figure class=\"aligncenter size-full\"><a href=\"https:\/\/verduonlinestore.com\/patas-metalicas\/23201-pata-metalica-zamak-konika-1040001217.html\"><img data-recalc-dims=\"1\" loading=\"lazy\" decoding=\"async\" width=\"520\" height=\"520\" data-attachment-id=\"6788\" data-permalink=\"https:\/\/verduweb.com\/blog\/novedades-para-feria-mueble-zaragoza\/pata-metalica-zamak-konika\/\" data-orig-file=\"https:\/\/i0.wp.com\/verduweb.com\/blog\/wp-content\/uploads\/2022\/03\/pata-metalica-zamak-konika.jpg?fit=520%2C520&amp;ssl=1\" data-orig-size=\"520,520\" data-comments-opened=\"1\" data-image-meta=\"{&quot;aperture&quot;:&quot;0&quot;,&quot;credit&quot;:&quot;&quot;,&quot;camera&quot;:&quot;&quot;,&quot;caption&quot;:&quot;&quot;,&quot;created_timestamp&quot;:&quot;0&quot;,&quot;copyright&quot;:&quot;&quot;,&quot;focal_length&quot;:&quot;0&quot;,&quot;iso&quot;:&quot;0&quot;,&quot;shutter_speed&quot;:&quot;0&quot;,&quot;title&quot;:&quot;&quot;,&quot;orientation&quot;:&quot;0&quot;}\" data-image-title=\"pata-metalica-zamak-konika\" data-image-description=\"\" data-image-caption=\"\" data-medium-file=\"https:\/\/i0.wp.com\/verduweb.com\/blog\/wp-content\/uploads\/2022\/03\/pata-metalica-zamak-konika.jpg?fit=300%2C300&amp;ssl=1\" data-large-file=\"https:\/\/i0.wp.com\/verduweb.com\/blog\/wp-content\/uploads\/2022\/03\/pata-metalica-zamak-konika.jpg?fit=520%2C520&amp;ssl=1\" src=\"https:\/\/i0.wp.com\/verduweb.com\/blog\/wp-content\/uploads\/2022\/03\/pata-metalica-zamak-konika.jpg?resize=520%2C520&#038;ssl=1\" alt=\"meta metalica negra\" class=\"wp-image-6788\" srcset=\"https:\/\/i0.wp.com\/verduweb.com\/blog\/wp-content\/uploads\/2022\/03\/pata-metalica-zamak-konika.jpg?w=520&amp;ssl=1 520w, https:\/\/i0.wp.com\/verduweb.com\/blog\/wp-content\/uploads\/2022\/03\/pata-metalica-zamak-konika.jpg?resize=300%2C300&amp;ssl=1 300w, https:\/\/i0.wp.com\/verduweb.com\/blog\/wp-content\/uploads\/2022\/03\/pata-metalica-zamak-konika.jpg?resize=150%2C150&amp;ssl=1 150w, https:\/\/i0.wp.com\/verduweb.com\/blog\/wp-content\/uploads\/2022\/03\/pata-metalica-zamak-konika.jpg?resize=80%2C80&amp;ssl=1 80w, https:\/\/i0.wp.com\/verduweb.com\/blog\/wp-content\/uploads\/2022\/03\/pata-metalica-zamak-konika.jpg?resize=320%2C320&amp;ssl=1 320w\" sizes=\"auto, (max-width: 520px) 100vw, 520px\" \/><\/a><\/figure><\/div>\n\n\n\n<h3 class=\"has-text-align-center wp-block-heading\">Pata met\u00e1lica modelo Konika<\/h3>\n<\/div>\n\n\n\n<div class=\"wp-block-column is-layout-flow wp-block-column-is-layout-flow\">\n<figure class=\"wp-block-image size-full\"><a href=\"https:\/\/verduonlinestore.com\/patas-metalicas\/24549-pata-metalica-modelo-varnia-8434824014165.html\"><img data-recalc-dims=\"1\" loading=\"lazy\" decoding=\"async\" width=\"520\" height=\"520\" data-attachment-id=\"6789\" data-permalink=\"https:\/\/verduweb.com\/blog\/novedades-para-feria-mueble-zaragoza\/pata-metalica-modelo-varnia\/\" data-orig-file=\"https:\/\/i0.wp.com\/verduweb.com\/blog\/wp-content\/uploads\/2022\/03\/pata-metalica-modelo-varnia.jpg?fit=520%2C520&amp;ssl=1\" data-orig-size=\"520,520\" data-comments-opened=\"1\" data-image-meta=\"{&quot;aperture&quot;:&quot;0&quot;,&quot;credit&quot;:&quot;&quot;,&quot;camera&quot;:&quot;&quot;,&quot;caption&quot;:&quot;&quot;,&quot;created_timestamp&quot;:&quot;0&quot;,&quot;copyright&quot;:&quot;&quot;,&quot;focal_length&quot;:&quot;0&quot;,&quot;iso&quot;:&quot;0&quot;,&quot;shutter_speed&quot;:&quot;0&quot;,&quot;title&quot;:&quot;&quot;,&quot;orientation&quot;:&quot;0&quot;}\" data-image-title=\"pata-metalica-modelo-varnia\" data-image-description=\"\" data-image-caption=\"\" data-medium-file=\"https:\/\/i0.wp.com\/verduweb.com\/blog\/wp-content\/uploads\/2022\/03\/pata-metalica-modelo-varnia.jpg?fit=300%2C300&amp;ssl=1\" data-large-file=\"https:\/\/i0.wp.com\/verduweb.com\/blog\/wp-content\/uploads\/2022\/03\/pata-metalica-modelo-varnia.jpg?fit=520%2C520&amp;ssl=1\" src=\"https:\/\/i0.wp.com\/verduweb.com\/blog\/wp-content\/uploads\/2022\/03\/pata-metalica-modelo-varnia.jpg?resize=520%2C520&#038;ssl=1\" alt=\"pata metalica\" class=\"wp-image-6789\" srcset=\"https:\/\/i0.wp.com\/verduweb.com\/blog\/wp-content\/uploads\/2022\/03\/pata-metalica-modelo-varnia.jpg?w=520&amp;ssl=1 520w, https:\/\/i0.wp.com\/verduweb.com\/blog\/wp-content\/uploads\/2022\/03\/pata-metalica-modelo-varnia.jpg?resize=300%2C300&amp;ssl=1 300w, https:\/\/i0.wp.com\/verduweb.com\/blog\/wp-content\/uploads\/2022\/03\/pata-metalica-modelo-varnia.jpg?resize=150%2C150&amp;ssl=1 150w, https:\/\/i0.wp.com\/verduweb.com\/blog\/wp-content\/uploads\/2022\/03\/pata-metalica-modelo-varnia.jpg?resize=80%2C80&amp;ssl=1 80w, https:\/\/i0.wp.com\/verduweb.com\/blog\/wp-content\/uploads\/2022\/03\/pata-metalica-modelo-varnia.jpg?resize=320%2C320&amp;ssl=1 320w\" sizes=\"auto, (max-width: 520px) 100vw, 520px\" \/><\/a><\/figure>\n\n\n\n<p><\/p>\n\n\n\n<h3 class=\"has-text-align-center wp-block-heading\"><strong>Pata met\u00e1lica modelo Varnia<\/strong><\/h3>\n<\/div>\n<\/div>\n\n\n\n<h2 class=\"has-text-align-center wp-block-heading\">Plato giratorio Albora<\/h2>\n\n\n\n<p>La\u00a0base giratoria para sill\u00f3n y silla Albora permite\u00a0<strong>soportar hasta 300 kg de peso con su grosor de 3 mm<\/strong>. Hay varios modelos que puedes ver haciendo <a href=\"https:\/\/verduonlinestore.com\/buscar?controller=search&amp;actioninicial=https%3A%2F%2Fverduonlinestore.com%2Fbuscar&amp;actionproducto=https%3A%2F%2Fverduonlinestore.com%2Findex.php%3Fcontroller%3Dproduct&amp;id_product=&amp;orderby=position&amp;orderway=desc&amp;search_query=albora&amp;submit_search=\">click aqu\u00ed.<\/a> Fabricado en hierro, tiene la capacidad para colocarse en diferentes sillones, volver a su posici\u00f3n original y soportar a una persona.<\/p>\n\n\n\n<div class=\"wp-block-image\"><figure class=\"aligncenter size-full\"><img data-recalc-dims=\"1\" loading=\"lazy\" decoding=\"async\" width=\"520\" height=\"520\" data-attachment-id=\"6794\" data-permalink=\"https:\/\/verduweb.com\/blog\/novedades-para-feria-mueble-zaragoza\/plato-giratoria-albora-retorno-160x160-negro\/\" data-orig-file=\"https:\/\/i0.wp.com\/verduweb.com\/blog\/wp-content\/uploads\/2022\/03\/plato-giratoria-albora-retorno-160x160-negro.jpg?fit=520%2C520&amp;ssl=1\" data-orig-size=\"520,520\" data-comments-opened=\"1\" data-image-meta=\"{&quot;aperture&quot;:&quot;0&quot;,&quot;credit&quot;:&quot;&quot;,&quot;camera&quot;:&quot;&quot;,&quot;caption&quot;:&quot;&quot;,&quot;created_timestamp&quot;:&quot;0&quot;,&quot;copyright&quot;:&quot;&quot;,&quot;focal_length&quot;:&quot;0&quot;,&quot;iso&quot;:&quot;0&quot;,&quot;shutter_speed&quot;:&quot;0&quot;,&quot;title&quot;:&quot;&quot;,&quot;orientation&quot;:&quot;0&quot;}\" data-image-title=\"plato-giratoria-albora-retorno-160&amp;#215;160-negro\" data-image-description=\"\" data-image-caption=\"\" data-medium-file=\"https:\/\/i0.wp.com\/verduweb.com\/blog\/wp-content\/uploads\/2022\/03\/plato-giratoria-albora-retorno-160x160-negro.jpg?fit=300%2C300&amp;ssl=1\" data-large-file=\"https:\/\/i0.wp.com\/verduweb.com\/blog\/wp-content\/uploads\/2022\/03\/plato-giratoria-albora-retorno-160x160-negro.jpg?fit=520%2C520&amp;ssl=1\" src=\"https:\/\/i0.wp.com\/verduweb.com\/blog\/wp-content\/uploads\/2022\/03\/plato-giratoria-albora-retorno-160x160-negro.jpg?resize=520%2C520&#038;ssl=1\" alt=\"plato giratorio sofa y silla\" class=\"wp-image-6794\" srcset=\"https:\/\/i0.wp.com\/verduweb.com\/blog\/wp-content\/uploads\/2022\/03\/plato-giratoria-albora-retorno-160x160-negro.jpg?w=520&amp;ssl=1 520w, https:\/\/i0.wp.com\/verduweb.com\/blog\/wp-content\/uploads\/2022\/03\/plato-giratoria-albora-retorno-160x160-negro.jpg?resize=300%2C300&amp;ssl=1 300w, https:\/\/i0.wp.com\/verduweb.com\/blog\/wp-content\/uploads\/2022\/03\/plato-giratoria-albora-retorno-160x160-negro.jpg?resize=150%2C150&amp;ssl=1 150w, https:\/\/i0.wp.com\/verduweb.com\/blog\/wp-content\/uploads\/2022\/03\/plato-giratoria-albora-retorno-160x160-negro.jpg?resize=80%2C80&amp;ssl=1 80w, https:\/\/i0.wp.com\/verduweb.com\/blog\/wp-content\/uploads\/2022\/03\/plato-giratoria-albora-retorno-160x160-negro.jpg?resize=320%2C320&amp;ssl=1 320w\" sizes=\"auto, (max-width: 520px) 100vw, 520px\" \/><\/figure><\/div>\n\n\n\n<div class=\"wp-block-buttons is-content-justification-center is-layout-flex wp-container-core-buttons-is-layout-16018d1d wp-block-buttons-is-layout-flex\">\n<div class=\"wp-block-button\"><a class=\"wp-block-button__link has-luminous-vivid-orange-background-color has-background\" href=\"https:\/\/verduonlinestore.com\/buscar?controller=search&amp;actioninicial=https%3A%2F%2Fverduonlinestore.com%2Fbuscar&amp;actionproducto=https%3A%2F%2Fverduonlinestore.com%2Findex.php%3Fcontroller%3Dproduct&amp;id_product=&amp;orderby=position&amp;orderway=desc&amp;search_query=albora&amp;submit_search=\"><strong>Comprar<\/strong><\/a><\/div>\n<\/div>\n\n\n\n<div style=\"height:20px\" aria-hidden=\"true\" class=\"wp-block-spacer\"><\/div>\n\n\n\n<h2 class=\"has-text-align-center wp-block-heading\">Drive: Herraje para puerta corredera<\/h2>\n\n\n\n<p>El&nbsp;<a href=\"https:\/\/verduonlinestore.com\/sistemas-puertas-correderas\/24427-kit-herrajes-drive-1-puerta-corredera-8434824012307.html\" target=\"_blank\" rel=\"noreferrer noopener\">herraje Drive<\/a>&nbsp;es&nbsp;<strong>un innovador sistema para puertas correderas de muy f\u00e1cil montaje<\/strong>&nbsp;permite obtener un deslizamiento muy suave sobre las ruedas de este accesorio.<\/p>\n\n\n\n<figure class=\"wp-block-embed aligncenter is-type-rich is-provider-gestor-del-servicio wp-block-embed-gestor-del-servicio wp-embed-aspect-16-9 wp-has-aspect-ratio\"><div class=\"wp-block-embed__wrapper\">\n<div class=\"video-container\"><span class=\"embed-youtube\" style=\"text-align:center; display: block;\"><iframe loading=\"lazy\" class=\"youtube-player\" width=\"640\" height=\"360\" src=\"https:\/\/www.youtube.com\/embed\/XWE0dw2y7SU?version=3&#038;rel=1&#038;showsearch=0&#038;showinfo=1&#038;iv_load_policy=1&#038;fs=1&#038;hl=es-ES&#038;autohide=2&#038;wmode=transparent\" allowfullscreen=\"true\" style=\"border:0;\" sandbox=\"allow-scripts allow-same-origin allow-popups allow-presentation allow-popups-to-escape-sandbox\"><\/iframe><\/span><\/div>\n<\/div><\/figure>\n\n\n\n<div class=\"wp-block-buttons is-content-justification-center is-layout-flex wp-container-core-buttons-is-layout-16018d1d wp-block-buttons-is-layout-flex\">\n<div class=\"wp-block-button\"><a class=\"wp-block-button__link has-luminous-vivid-orange-background-color has-background\" href=\"https:\/\/verduonlinestore.com\/sistemas-puertas-correderas\/24427-kit-herrajes-drive-1-puerta-corredera-8434824012307.html\"><strong>Comprar<\/strong><\/a><\/div>\n<\/div>\n\n\n\n<div style=\"height:20px\" aria-hidden=\"true\" class=\"wp-block-spacer\"><\/div>\n\n\n\n<p>Estas son algunas de sus caracter\u00edsticas:<\/p>\n\n\n\n<ul class=\"wp-block-list\"><li>Su carga m\u00e1xima es de paneles de 50 kg.<\/li><li>Las ruedas son regulables en altura de m\u00e1s menos 4 mm.<\/li><li>Montaje muy sencillo y tornillos incluidos.<\/li><li>Ideal para armarios y despensas.<\/li><\/ul>\n\n\n\n<div style=\"height:40px\" aria-hidden=\"true\" class=\"wp-block-spacer\"><\/div>\n\n\n\n<hr class=\"wp-block-separator\"\/>\n\n\n\n<p>Estas son algunas de las muchas novedades que se presentar\u00e1n en estos dos grandes eventos. Todo el equipo de Verd\u00fa est\u00e1 ansioso por volver a las ferias y relacionarse con los clientes cara a cara en ambiente de innovaci\u00f3n como este.<\/p>\n\n\n\n<p>\u00a1No dude en contactarnos a tienda@verduweb.com si tiene alguna pregunta!<\/p>\n","protected":false},"excerpt":{"rendered":"<p>Se acerca uno de los eventos m\u00e1s importantes del a\u00f1o para la industria del a\u00f1o. Una de las ferias de mayor trascendencia para el mueble, y m\u00e1s si cabe despu\u00e9s&#46;&#46;&#46;<\/p>\n","protected":false},"author":11,"featured_media":6792,"comment_status":"open","ping_status":"open","sticky":false,"template":"","format":"standard","meta":{"_monsterinsights_skip_tracking":false,"_monsterinsights_sitenote_active":false,"_monsterinsights_sitenote_note":"","_monsterinsights_sitenote_category":0,"jetpack_post_was_ever_published":false,"_jetpack_newsletter_access":"","_jetpack_dont_email_post_to_subs":false,"_jetpack_newsletter_tier_id":0,"_jetpack_memberships_contains_paywalled_content":false,"_jetpack_memberships_contains_paid_content":false,"footnotes":"","jetpack_publicize_message":"","jetpack_publicize_feature_enabled":true,"jetpack_social_post_already_shared":true,"jetpack_social_options":{"image_generator_settings":{"template":"highway","default_image_id":0,"font":"","enabled":false},"version":2}},"categories":[146,150],"tags":[],"class_list":["post-6718","post","type-post","status-publish","format-standard","has-post-thumbnail","hentry","category-general","category-herrajes"],"yoast_head":"<!-- This site is optimized with the Yoast SEO plugin v27.1.1 - https:\/\/yoast.com\/product\/yoast-seo-wordpress\/ -->\n<title>Feria del Mueble de Zaragoza 2022: Verd\u00fa presenta novedades y cat\u00e1logo &#8226; Verd\u00fa Blog<\/title>\n<meta name=\"robots\" content=\"index, follow, max-snippet:-1, max-image-preview:large, max-video-preview:-1\" \/>\n<link rel=\"canonical\" href=\"https:\/\/verduweb.com\/blog\/novedades-para-feria-mueble-zaragoza\/\" \/>\n<meta property=\"og:locale\" content=\"es_ES\" \/>\n<meta property=\"og:type\" content=\"article\" \/>\n<meta property=\"og:title\" content=\"Feria del Mueble de Zaragoza 2022: Verd\u00fa presenta novedades y cat\u00e1logo &#8226; Verd\u00fa Blog\" \/>\n<meta property=\"og:description\" content=\"Se acerca uno de los eventos m\u00e1s importantes del a\u00f1o para la industria del a\u00f1o. Una de las ferias de mayor trascendencia para el mueble, y m\u00e1s si cabe despu\u00e9s&#046;&#046;&#046;\" \/>\n<meta property=\"og:url\" content=\"https:\/\/verduweb.com\/blog\/novedades-para-feria-mueble-zaragoza\/\" \/>\n<meta property=\"og:site_name\" content=\"Verd\u00fa Blog\" \/>\n<meta property=\"article:publisher\" content=\"https:\/\/www.facebook.com\/Verdustore\" \/>\n<meta property=\"article:published_time\" content=\"2022-03-23T10:33:09+00:00\" \/>\n<meta property=\"article:modified_time\" content=\"2022-03-23T10:35:07+00:00\" \/>\n<meta property=\"og:image\" content=\"https:\/\/verduweb.com\/blog\/wp-content\/uploads\/2022\/03\/feria-del-mueble-zaragoza-2022.jpg\" \/>\n\t<meta property=\"og:image:width\" content=\"674\" \/>\n\t<meta property=\"og:image:height\" content=\"318\" \/>\n\t<meta property=\"og:image:type\" content=\"image\/jpeg\" \/>\n<meta name=\"author\" content=\"Antonio\" \/>\n<meta name=\"twitter:card\" content=\"summary_large_image\" \/>\n<meta name=\"twitter:creator\" content=\"@VerduStore\" \/>\n<meta name=\"twitter:site\" content=\"@VerduStore\" \/>\n<meta name=\"twitter:label1\" content=\"Escrito por\" \/>\n\t<meta name=\"twitter:data1\" content=\"Antonio\" \/>\n\t<meta name=\"twitter:label2\" content=\"Tiempo de lectura\" \/>\n\t<meta name=\"twitter:data2\" content=\"4 minutos\" \/>\n<script type=\"application\/ld+json\" class=\"yoast-schema-graph\">{\"@context\":\"https:\/\/schema.org\",\"@graph\":[{\"@type\":\"Article\",\"@id\":\"https:\/\/verduweb.com\/blog\/novedades-para-feria-mueble-zaragoza\/#article\",\"isPartOf\":{\"@id\":\"https:\/\/verduweb.com\/blog\/novedades-para-feria-mueble-zaragoza\/\"},\"author\":{\"name\":\"Antonio\",\"@id\":\"https:\/\/verduweb.com\/blog\/#\/schema\/person\/703e904ae580e8e30be28be42d880b4a\"},\"headline\":\"Feria del Mueble de Zaragoza 2022: Verd\u00fa presenta novedades y cat\u00e1logo\",\"datePublished\":\"2022-03-23T10:33:09+00:00\",\"dateModified\":\"2022-03-23T10:35:07+00:00\",\"mainEntityOfPage\":{\"@id\":\"https:\/\/verduweb.com\/blog\/novedades-para-feria-mueble-zaragoza\/\"},\"wordCount\":568,\"commentCount\":0,\"publisher\":{\"@id\":\"https:\/\/verduweb.com\/blog\/#organization\"},\"image\":{\"@id\":\"https:\/\/verduweb.com\/blog\/novedades-para-feria-mueble-zaragoza\/#primaryimage\"},\"thumbnailUrl\":\"https:\/\/i0.wp.com\/verduweb.com\/blog\/wp-content\/uploads\/2022\/03\/feria-del-mueble-zaragoza-2022.jpg?fit=674%2C318&ssl=1\",\"articleSection\":[\"General\",\"Herrajes\"],\"inLanguage\":\"es\",\"potentialAction\":[{\"@type\":\"CommentAction\",\"name\":\"Comment\",\"target\":[\"https:\/\/verduweb.com\/blog\/novedades-para-feria-mueble-zaragoza\/#respond\"]}]},{\"@type\":\"WebPage\",\"@id\":\"https:\/\/verduweb.com\/blog\/novedades-para-feria-mueble-zaragoza\/\",\"url\":\"https:\/\/verduweb.com\/blog\/novedades-para-feria-mueble-zaragoza\/\",\"name\":\"Feria del Mueble de Zaragoza 2022: Verd\u00fa presenta novedades y cat\u00e1logo &#8226; Verd\u00fa Blog\",\"isPartOf\":{\"@id\":\"https:\/\/verduweb.com\/blog\/#website\"},\"primaryImageOfPage\":{\"@id\":\"https:\/\/verduweb.com\/blog\/novedades-para-feria-mueble-zaragoza\/#primaryimage\"},\"image\":{\"@id\":\"https:\/\/verduweb.com\/blog\/novedades-para-feria-mueble-zaragoza\/#primaryimage\"},\"thumbnailUrl\":\"https:\/\/i0.wp.com\/verduweb.com\/blog\/wp-content\/uploads\/2022\/03\/feria-del-mueble-zaragoza-2022.jpg?fit=674%2C318&ssl=1\",\"datePublished\":\"2022-03-23T10:33:09+00:00\",\"dateModified\":\"2022-03-23T10:35:07+00:00\",\"breadcrumb\":{\"@id\":\"https:\/\/verduweb.com\/blog\/novedades-para-feria-mueble-zaragoza\/#breadcrumb\"},\"inLanguage\":\"es\",\"potentialAction\":[{\"@type\":\"ReadAction\",\"target\":[\"https:\/\/verduweb.com\/blog\/novedades-para-feria-mueble-zaragoza\/\"]}]},{\"@type\":\"ImageObject\",\"inLanguage\":\"es\",\"@id\":\"https:\/\/verduweb.com\/blog\/novedades-para-feria-mueble-zaragoza\/#primaryimage\",\"url\":\"https:\/\/i0.wp.com\/verduweb.com\/blog\/wp-content\/uploads\/2022\/03\/feria-del-mueble-zaragoza-2022.jpg?fit=674%2C318&ssl=1\",\"contentUrl\":\"https:\/\/i0.wp.com\/verduweb.com\/blog\/wp-content\/uploads\/2022\/03\/feria-del-mueble-zaragoza-2022.jpg?fit=674%2C318&ssl=1\",\"width\":674,\"height\":318,\"caption\":\"feria del mueble zaragoza 2022\"},{\"@type\":\"BreadcrumbList\",\"@id\":\"https:\/\/verduweb.com\/blog\/novedades-para-feria-mueble-zaragoza\/#breadcrumb\",\"itemListElement\":[{\"@type\":\"ListItem\",\"position\":1,\"name\":\"Portada\",\"item\":\"https:\/\/verduweb.com\/blog\/\"},{\"@type\":\"ListItem\",\"position\":2,\"name\":\"Feria del Mueble de Zaragoza 2022: Verd\u00fa presenta novedades y cat\u00e1logo\"}]},{\"@type\":\"WebSite\",\"@id\":\"https:\/\/verduweb.com\/blog\/#website\",\"url\":\"https:\/\/verduweb.com\/blog\/\",\"name\":\"Verd\u00fa Blog\",\"description\":\"Espacio dedicado al profesional del mueble: noticias y consejos del sector\",\"publisher\":{\"@id\":\"https:\/\/verduweb.com\/blog\/#organization\"},\"potentialAction\":[{\"@type\":\"SearchAction\",\"target\":{\"@type\":\"EntryPoint\",\"urlTemplate\":\"https:\/\/verduweb.com\/blog\/?s={search_term_string}\"},\"query-input\":{\"@type\":\"PropertyValueSpecification\",\"valueRequired\":true,\"valueName\":\"search_term_string\"}}],\"inLanguage\":\"es\"},{\"@type\":\"Organization\",\"@id\":\"https:\/\/verduweb.com\/blog\/#organization\",\"name\":\"Ferreter\u00eda Verd\u00fa Online\",\"url\":\"https:\/\/verduweb.com\/blog\/\",\"logo\":{\"@type\":\"ImageObject\",\"inLanguage\":\"es\",\"@id\":\"https:\/\/verduweb.com\/blog\/#\/schema\/logo\/image\/\",\"url\":\"https:\/\/i0.wp.com\/verduweb.com\/blog\/wp-content\/uploads\/2019\/04\/logo-verdublog.png?fit=350%2C60&ssl=1\",\"contentUrl\":\"https:\/\/i0.wp.com\/verduweb.com\/blog\/wp-content\/uploads\/2019\/04\/logo-verdublog.png?fit=350%2C60&ssl=1\",\"width\":350,\"height\":60,\"caption\":\"Ferreter\u00eda Verd\u00fa Online\"},\"image\":{\"@id\":\"https:\/\/verduweb.com\/blog\/#\/schema\/logo\/image\/\"},\"sameAs\":[\"https:\/\/www.facebook.com\/Verdustore\",\"https:\/\/x.com\/VerduStore\",\"https:\/\/www.instagram.com\/verdustore.es\",\"https:\/\/www.linkedin.com\/company\/2778584\",\"https:\/\/www.pinterest.com\/verduonline\/\",\"http:\/\/www.youtube.com\/user\/verduonline\"]},{\"@type\":\"Person\",\"@id\":\"https:\/\/verduweb.com\/blog\/#\/schema\/person\/703e904ae580e8e30be28be42d880b4a\",\"name\":\"Antonio\",\"image\":{\"@type\":\"ImageObject\",\"inLanguage\":\"es\",\"@id\":\"https:\/\/verduweb.com\/blog\/#\/schema\/person\/image\/\",\"url\":\"https:\/\/secure.gravatar.com\/avatar\/7ce3a02b947f85e1e5b3fa051ad21434ee288ff825c7d5d4d0aaa6c07ed6a850?s=96&d=blank&r=g\",\"contentUrl\":\"https:\/\/secure.gravatar.com\/avatar\/7ce3a02b947f85e1e5b3fa051ad21434ee288ff825c7d5d4d0aaa6c07ed6a850?s=96&d=blank&r=g\",\"caption\":\"Antonio\"},\"url\":\"https:\/\/verduweb.com\/blog\/author\/antonio\/\"}]}<\/script>\n<!-- \/ Yoast SEO plugin. -->","yoast_head_json":{"title":"Feria del Mueble de Zaragoza 2022: Verd\u00fa presenta novedades y cat\u00e1logo &#8226; Verd\u00fa Blog","robots":{"index":"index","follow":"follow","max-snippet":"max-snippet:-1","max-image-preview":"max-image-preview:large","max-video-preview":"max-video-preview:-1"},"canonical":"https:\/\/verduweb.com\/blog\/novedades-para-feria-mueble-zaragoza\/","og_locale":"es_ES","og_type":"article","og_title":"Feria del Mueble de Zaragoza 2022: Verd\u00fa presenta novedades y cat\u00e1logo &#8226; Verd\u00fa Blog","og_description":"Se acerca uno de los eventos m\u00e1s importantes del a\u00f1o para la industria del a\u00f1o. Una de las ferias de mayor trascendencia para el mueble, y m\u00e1s si cabe despu\u00e9s&#46;&#46;&#46;","og_url":"https:\/\/verduweb.com\/blog\/novedades-para-feria-mueble-zaragoza\/","og_site_name":"Verd\u00fa Blog","article_publisher":"https:\/\/www.facebook.com\/Verdustore","article_published_time":"2022-03-23T10:33:09+00:00","article_modified_time":"2022-03-23T10:35:07+00:00","og_image":[{"width":674,"height":318,"url":"https:\/\/verduweb.com\/blog\/wp-content\/uploads\/2022\/03\/feria-del-mueble-zaragoza-2022.jpg","type":"image\/jpeg"}],"author":"Antonio","twitter_card":"summary_large_image","twitter_creator":"@VerduStore","twitter_site":"@VerduStore","twitter_misc":{"Escrito por":"Antonio","Tiempo de lectura":"4 minutos"},"schema":{"@context":"https:\/\/schema.org","@graph":[{"@type":"Article","@id":"https:\/\/verduweb.com\/blog\/novedades-para-feria-mueble-zaragoza\/#article","isPartOf":{"@id":"https:\/\/verduweb.com\/blog\/novedades-para-feria-mueble-zaragoza\/"},"author":{"name":"Antonio","@id":"https:\/\/verduweb.com\/blog\/#\/schema\/person\/703e904ae580e8e30be28be42d880b4a"},"headline":"Feria del Mueble de Zaragoza 2022: Verd\u00fa presenta novedades y cat\u00e1logo","datePublished":"2022-03-23T10:33:09+00:00","dateModified":"2022-03-23T10:35:07+00:00","mainEntityOfPage":{"@id":"https:\/\/verduweb.com\/blog\/novedades-para-feria-mueble-zaragoza\/"},"wordCount":568,"commentCount":0,"publisher":{"@id":"https:\/\/verduweb.com\/blog\/#organization"},"image":{"@id":"https:\/\/verduweb.com\/blog\/novedades-para-feria-mueble-zaragoza\/#primaryimage"},"thumbnailUrl":"https:\/\/i0.wp.com\/verduweb.com\/blog\/wp-content\/uploads\/2022\/03\/feria-del-mueble-zaragoza-2022.jpg?fit=674%2C318&ssl=1","articleSection":["General","Herrajes"],"inLanguage":"es","potentialAction":[{"@type":"CommentAction","name":"Comment","target":["https:\/\/verduweb.com\/blog\/novedades-para-feria-mueble-zaragoza\/#respond"]}]},{"@type":"WebPage","@id":"https:\/\/verduweb.com\/blog\/novedades-para-feria-mueble-zaragoza\/","url":"https:\/\/verduweb.com\/blog\/novedades-para-feria-mueble-zaragoza\/","name":"Feria del Mueble de Zaragoza 2022: Verd\u00fa presenta novedades y cat\u00e1logo &#8226; Verd\u00fa Blog","isPartOf":{"@id":"https:\/\/verduweb.com\/blog\/#website"},"primaryImageOfPage":{"@id":"https:\/\/verduweb.com\/blog\/novedades-para-feria-mueble-zaragoza\/#primaryimage"},"image":{"@id":"https:\/\/verduweb.com\/blog\/novedades-para-feria-mueble-zaragoza\/#primaryimage"},"thumbnailUrl":"https:\/\/i0.wp.com\/verduweb.com\/blog\/wp-content\/uploads\/2022\/03\/feria-del-mueble-zaragoza-2022.jpg?fit=674%2C318&ssl=1","datePublished":"2022-03-23T10:33:09+00:00","dateModified":"2022-03-23T10:35:07+00:00","breadcrumb":{"@id":"https:\/\/verduweb.com\/blog\/novedades-para-feria-mueble-zaragoza\/#breadcrumb"},"inLanguage":"es","potentialAction":[{"@type":"ReadAction","target":["https:\/\/verduweb.com\/blog\/novedades-para-feria-mueble-zaragoza\/"]}]},{"@type":"ImageObject","inLanguage":"es","@id":"https:\/\/verduweb.com\/blog\/novedades-para-feria-mueble-zaragoza\/#primaryimage","url":"https:\/\/i0.wp.com\/verduweb.com\/blog\/wp-content\/uploads\/2022\/03\/feria-del-mueble-zaragoza-2022.jpg?fit=674%2C318&ssl=1","contentUrl":"https:\/\/i0.wp.com\/verduweb.com\/blog\/wp-content\/uploads\/2022\/03\/feria-del-mueble-zaragoza-2022.jpg?fit=674%2C318&ssl=1","width":674,"height":318,"caption":"feria del mueble zaragoza 2022"},{"@type":"BreadcrumbList","@id":"https:\/\/verduweb.com\/blog\/novedades-para-feria-mueble-zaragoza\/#breadcrumb","itemListElement":[{"@type":"ListItem","position":1,"name":"Portada","item":"https:\/\/verduweb.com\/blog\/"},{"@type":"ListItem","position":2,"name":"Feria del Mueble de Zaragoza 2022: Verd\u00fa presenta novedades y cat\u00e1logo"}]},{"@type":"WebSite","@id":"https:\/\/verduweb.com\/blog\/#website","url":"https:\/\/verduweb.com\/blog\/","name":"Verd\u00fa Blog","description":"Espacio dedicado al profesional del mueble: noticias y consejos del sector","publisher":{"@id":"https:\/\/verduweb.com\/blog\/#organization"},"potentialAction":[{"@type":"SearchAction","target":{"@type":"EntryPoint","urlTemplate":"https:\/\/verduweb.com\/blog\/?s={search_term_string}"},"query-input":{"@type":"PropertyValueSpecification","valueRequired":true,"valueName":"search_term_string"}}],"inLanguage":"es"},{"@type":"Organization","@id":"https:\/\/verduweb.com\/blog\/#organization","name":"Ferreter\u00eda Verd\u00fa Online","url":"https:\/\/verduweb.com\/blog\/","logo":{"@type":"ImageObject","inLanguage":"es","@id":"https:\/\/verduweb.com\/blog\/#\/schema\/logo\/image\/","url":"https:\/\/i0.wp.com\/verduweb.com\/blog\/wp-content\/uploads\/2019\/04\/logo-verdublog.png?fit=350%2C60&ssl=1","contentUrl":"https:\/\/i0.wp.com\/verduweb.com\/blog\/wp-content\/uploads\/2019\/04\/logo-verdublog.png?fit=350%2C60&ssl=1","width":350,"height":60,"caption":"Ferreter\u00eda Verd\u00fa Online"},"image":{"@id":"https:\/\/verduweb.com\/blog\/#\/schema\/logo\/image\/"},"sameAs":["https:\/\/www.facebook.com\/Verdustore","https:\/\/x.com\/VerduStore","https:\/\/www.instagram.com\/verdustore.es","https:\/\/www.linkedin.com\/company\/2778584","https:\/\/www.pinterest.com\/verduonline\/","http:\/\/www.youtube.com\/user\/verduonline"]},{"@type":"Person","@id":"https:\/\/verduweb.com\/blog\/#\/schema\/person\/703e904ae580e8e30be28be42d880b4a","name":"Antonio","image":{"@type":"ImageObject","inLanguage":"es","@id":"https:\/\/verduweb.com\/blog\/#\/schema\/person\/image\/","url":"https:\/\/secure.gravatar.com\/avatar\/7ce3a02b947f85e1e5b3fa051ad21434ee288ff825c7d5d4d0aaa6c07ed6a850?s=96&d=blank&r=g","contentUrl":"https:\/\/secure.gravatar.com\/avatar\/7ce3a02b947f85e1e5b3fa051ad21434ee288ff825c7d5d4d0aaa6c07ed6a850?s=96&d=blank&r=g","caption":"Antonio"},"url":"https:\/\/verduweb.com\/blog\/author\/antonio\/"}]}},"jetpack_publicize_connections":[],"jetpack_featured_media_url":"https:\/\/i0.wp.com\/verduweb.com\/blog\/wp-content\/uploads\/2022\/03\/feria-del-mueble-zaragoza-2022.jpg?fit=674%2C318&ssl=1","jetpack_sharing_enabled":true,"jetpack_shortlink":"https:\/\/wp.me\/p9LpR4-1Km","jetpack_likes_enabled":true,"jetpack-related-posts":[],"_links":{"self":[{"href":"https:\/\/verduweb.com\/blog\/wp-json\/wp\/v2\/posts\/6718","targetHints":{"allow":["GET"]}}],"collection":[{"href":"https:\/\/verduweb.com\/blog\/wp-json\/wp\/v2\/posts"}],"about":[{"href":"https:\/\/verduweb.com\/blog\/wp-json\/wp\/v2\/types\/post"}],"author":[{"embeddable":true,"href":"https:\/\/verduweb.com\/blog\/wp-json\/wp\/v2\/users\/11"}],"replies":[{"embeddable":true,"href":"https:\/\/verduweb.com\/blog\/wp-json\/wp\/v2\/comments?post=6718"}],"version-history":[{"count":61,"href":"https:\/\/verduweb.com\/blog\/wp-json\/wp\/v2\/posts\/6718\/revisions"}],"predecessor-version":[{"id":6808,"href":"https:\/\/verduweb.com\/blog\/wp-json\/wp\/v2\/posts\/6718\/revisions\/6808"}],"wp:featuredmedia":[{"embeddable":true,"href":"https:\/\/verduweb.com\/blog\/wp-json\/wp\/v2\/media\/6792"}],"wp:attachment":[{"href":"https:\/\/verduweb.com\/blog\/wp-json\/wp\/v2\/media?parent=6718"}],"wp:term":[{"taxonomy":"category","embeddable":true,"href":"https:\/\/verduweb.com\/blog\/wp-json\/wp\/v2\/categories?post=6718"},{"taxonomy":"post_tag","embeddable":true,"href":"https:\/\/verduweb.com\/blog\/wp-json\/wp\/v2\/tags?post=6718"}],"curies":[{"name":"wp","href":"https:\/\/api.w.org\/{rel}","templated":true}]}}