{"id":6565,"date":"2021-09-20T13:27:10","date_gmt":"2021-09-20T11:27:10","guid":{"rendered":"https:\/\/verduweb.com\/blog\/?p=6565"},"modified":"2026-02-25T12:14:50","modified_gmt":"2026-02-25T11:14:50","slug":"verdu-atendera-surmueble-2021","status":"publish","type":"post","link":"https:\/\/verduweb.com\/blog\/verdu-atendera-surmueble-2021\/","title":{"rendered":"Verd\u00fa atender\u00e1 SurMueble 2021"},"content":{"rendered":"<div class=\"wp-block-image\">\n<figure class=\"aligncenter size-full is-resized\"><img data-recalc-dims=\"1\" loading=\"lazy\" decoding=\"async\" width=\"674\" height=\"318\" data-attachment-id=\"6576\" data-permalink=\"https:\/\/verduweb.com\/blog\/verdu-atendera-surmueble-2021\/surmueble\/\" data-orig-file=\"https:\/\/i0.wp.com\/verduweb.com\/blog\/wp-content\/uploads\/2021\/09\/surmueble.jpg?fit=674%2C318&amp;ssl=1\" data-orig-size=\"674,318\" data-comments-opened=\"1\" data-image-meta=\"{&quot;aperture&quot;:&quot;0&quot;,&quot;credit&quot;:&quot;&quot;,&quot;camera&quot;:&quot;&quot;,&quot;caption&quot;:&quot;&quot;,&quot;created_timestamp&quot;:&quot;0&quot;,&quot;copyright&quot;:&quot;&quot;,&quot;focal_length&quot;:&quot;0&quot;,&quot;iso&quot;:&quot;0&quot;,&quot;shutter_speed&quot;:&quot;0&quot;,&quot;title&quot;:&quot;&quot;,&quot;orientation&quot;:&quot;1&quot;}\" data-image-title=\"surmueble\" data-image-description=\"\" data-image-caption=\"\" data-medium-file=\"https:\/\/i0.wp.com\/verduweb.com\/blog\/wp-content\/uploads\/2021\/09\/surmueble.jpg?fit=300%2C142&amp;ssl=1\" data-large-file=\"https:\/\/i0.wp.com\/verduweb.com\/blog\/wp-content\/uploads\/2021\/09\/surmueble.jpg?fit=674%2C318&amp;ssl=1\" src=\"https:\/\/i0.wp.com\/verduweb.com\/blog\/wp-content\/uploads\/2021\/09\/surmueble.jpg?resize=674%2C318&#038;ssl=1\" alt=\"feria surmueble mueble\" class=\"wp-image-6576\" style=\"width:887px;height:418px\" srcset=\"https:\/\/i0.wp.com\/verduweb.com\/blog\/wp-content\/uploads\/2021\/09\/surmueble.jpg?w=674&amp;ssl=1 674w, https:\/\/i0.wp.com\/verduweb.com\/blog\/wp-content\/uploads\/2021\/09\/surmueble.jpg?resize=300%2C142&amp;ssl=1 300w, https:\/\/i0.wp.com\/verduweb.com\/blog\/wp-content\/uploads\/2021\/09\/surmueble.jpg?resize=520%2C245&amp;ssl=1 520w\" sizes=\"auto, (max-width: 674px) 100vw, 674px\" \/><\/figure>\n<\/div>\n\n\n<p>Nos complace comunicar que <a href=\"https:\/\/verduonlinestore.com\/\">Verd\u00fa <\/a>estar\u00e1 presente en la <strong>feria de fabricantes del muebles SurMueble<\/strong>, que tendr\u00e1 lugar en Sevilla entre el 28 de Septiembre y 1 de Octubre en el Palacio de Exposiciones y Congresos de Sevilla (FIBES).<\/p>\n\n\n\n<p>Este evento ser\u00e1 una gran ocasi\u00f3n para que fabricantes de muebles en Espa\u00f1a, compradores del sector del mueble, decoradores y proveedores de herrajes para muebles se encuentren. Se espera que se presenten <strong>los productos m\u00e1s novedosos y punteros<\/strong> de la industria.<\/p>\n\n\n\n<figure class=\"wp-block-embed is-type-rich is-provider-gestor-del-servicio wp-block-embed-gestor-del-servicio wp-embed-aspect-16-9 wp-has-aspect-ratio\"><div class=\"wp-block-embed__wrapper\">\n<div class=\"video-container\"><span class=\"embed-youtube\" style=\"text-align:center; display: block;\"><iframe loading=\"lazy\" class=\"youtube-player\" width=\"640\" height=\"360\" src=\"https:\/\/www.youtube.com\/embed\/MCbH1uxl-Vc?version=3&#038;rel=1&#038;showsearch=0&#038;showinfo=1&#038;iv_load_policy=1&#038;fs=1&#038;hl=es-ES&#038;autohide=2&#038;wmode=transparent\" allowfullscreen=\"true\" style=\"border:0;\" sandbox=\"allow-scripts allow-same-origin allow-popups allow-presentation allow-popups-to-escape-sandbox\"><\/iframe><\/span><\/div>\n<\/div><\/figure>\n\n\n\n<div style=\"height:40px\" aria-hidden=\"true\" class=\"wp-block-spacer\"><\/div>\n\n\n\n<h2 class=\"wp-block-heading has-text-align-center\"><strong>Verd\u00fa en SurMueble<\/strong><\/h2>\n\n\n\n<p>Tras un 2020 sin ferias, reaparece SurMueble para brindarnos una gran oportunidad para reunirnos con clientes y otros actores de la industria del mueble. En este gran evento <strong>Verd\u00fa tendr\u00e1 la oportunidad de presentar su nuevo cat\u00e1logo de tiradores<\/strong>, <a href=\"https:\/\/eu4-api.connectif.cloud\/t\/c?t=w&amp;u=HqtrREq0TOKzI9DJlIdm1g&amp;e=YE8JbcjVKE1H-IbB&amp;l=https%3A%2F%2Fverduweb.com%2Fpdf_viewer%2Fweb%2Fviewer.html%3Ffile%3D%2Fassets%2Fcatalogs%2Fpdf%2FTiradores_2022.pdf&amp;a=https%3A%2F%2Fverduweb.com%2Fpdf_viewer%2Fweb%2Fviewer.html%3Ffile%3D%2Fassets%2Fcatalogs%2Fpdf%2FTiradores_2022.pdf&amp;c=YE9RwcjVKE1HAVDa&amp;x=i&amp;w=YE95jMjVKE1HBujS\" rel=\"nofollow\">Tiradores 20.22<\/a>, entre otras muchas novedades y cat\u00e1logos.<\/p>\n\n\n\n<p>Cualquier persona que atienda el evento podr\u00e1 encontrarnos en el <strong>stand 1205-1208.<\/strong> Os esperamos con muchas ganas de intercambiar ideas y mostrar las innovaciones que hemos presentado recientemente a todos nuestros clientes.<\/p>\n\n\n\n<div class=\"wp-block-buttons is-horizontal is-content-justification-center is-layout-flex wp-container-core-buttons-is-layout-499968f5 wp-block-buttons-is-layout-flex\">\n<div class=\"wp-block-button\"><a class=\"wp-block-button__link has-midnight-gradient-background has-background wp-element-button\" href=\"http:\/\/ow.ly\/vPDh50GagLH\"><strong>Solicitar invitaci\u00f3n<\/strong><\/a><\/div>\n<\/div>\n\n\n\n<div style=\"height:41px\" aria-hidden=\"true\" class=\"wp-block-spacer\"><\/div>\n\n\n\n<h2 class=\"wp-block-heading has-text-align-center\"><strong>SurMueble: La feria del fabricante de muebles<\/strong><\/h2>\n\n\n\n<p>La feria SurMueble ha conseguido convertirse en el gran escaparate del sector del mueble a nivel nacional, una oportunidad \u00fanica para que todos los actores del sector se re\u00fanan, compartan sus nuevas ideas e innovaciones y potencien sus ventas. <\/p>\n\n\n\n<p>M\u00e1s de 70 expositores de la industria de la fabricaci\u00f3n de muebles estar\u00e1n presentes en uno de los mayores eventos del sector en 2021. Se espera que la feria tenga una gran afluencia de personas al ser la primera feria presencial desde el comienzo de la pandemia.<\/p>\n\n\n\n<p><\/p>\n\n\n\n<div data-wp-interactive=\"core\/file\" class=\"wp-block-file\"><object data-wp-bind--hidden=\"!state.hasPdfPreview\" hidden class=\"wp-block-file__embed\" data=\"https:\/\/verduweb.com\/blog\/wp-content\/uploads\/2021\/09\/Armario_01_Manual_v2.pdf\" type=\"application\/pdf\" style=\"width:100%;height:600px\" aria-label=\"Incrustado de Embolsado armario manual&lt;br&gt;.\"><\/object><a id=\"wp-block-file--media-d95fa26e-3583-403d-9a5c-5419927a4388\" href=\"https:\/\/verduweb.com\/blog\/wp-content\/uploads\/2021\/09\/Armario_01_Manual_v2.pdf\">Embolsado armario manual<br><\/a><a href=\"https:\/\/verduweb.com\/blog\/wp-content\/uploads\/2021\/09\/Armario_01_Manual_v2.pdf\" class=\"wp-block-file__button wp-element-button\" download aria-describedby=\"wp-block-file--media-d95fa26e-3583-403d-9a5c-5419927a4388\">Descarga<\/a><\/div>\n\n\n\n<p><\/p>\n","protected":false},"excerpt":{"rendered":"<p>Nos complace comunicar que Verd\u00fa estar\u00e1 presente en la feria de fabricantes del muebles SurMueble, que tendr\u00e1 lugar en Sevilla entre el 28 de Septiembre y 1 de Octubre en&#46;&#46;&#46;<\/p>\n","protected":false},"author":11,"featured_media":6577,"comment_status":"open","ping_status":"open","sticky":false,"template":"","format":"standard","meta":{"_monsterinsights_skip_tracking":false,"_monsterinsights_sitenote_active":false,"_monsterinsights_sitenote_note":"","_monsterinsights_sitenote_category":0,"jetpack_post_was_ever_published":false,"_jetpack_newsletter_access":"","_jetpack_dont_email_post_to_subs":false,"_jetpack_newsletter_tier_id":0,"_jetpack_memberships_contains_paywalled_content":false,"_jetpack_memberships_contains_paid_content":false,"footnotes":"","jetpack_publicize_message":"","jetpack_publicize_feature_enabled":true,"jetpack_social_post_already_shared":true,"jetpack_social_options":{"image_generator_settings":{"template":"highway","default_image_id":0,"font":"","enabled":false},"version":2}},"categories":[146],"tags":[],"class_list":["post-6565","post","type-post","status-publish","format-standard","has-post-thumbnail","hentry","category-general"],"yoast_head":"<!-- This site is optimized with the Yoast SEO plugin v27.1.1 - https:\/\/yoast.com\/product\/yoast-seo-wordpress\/ -->\n<title>Verd\u00fa atender\u00e1 SurMueble 2021 &#8226; Verd\u00fa Blog<\/title>\n<meta name=\"robots\" content=\"index, follow, max-snippet:-1, max-image-preview:large, max-video-preview:-1\" \/>\n<link rel=\"canonical\" href=\"https:\/\/verduweb.com\/blog\/verdu-atendera-surmueble-2021\/\" \/>\n<meta property=\"og:locale\" content=\"es_ES\" \/>\n<meta property=\"og:type\" content=\"article\" \/>\n<meta property=\"og:title\" content=\"Verd\u00fa atender\u00e1 SurMueble 2021 &#8226; Verd\u00fa Blog\" \/>\n<meta property=\"og:description\" content=\"Nos complace comunicar que Verd\u00fa estar\u00e1 presente en la feria de fabricantes del muebles SurMueble, que tendr\u00e1 lugar en Sevilla entre el 28 de Septiembre y 1 de Octubre en&#046;&#046;&#046;\" \/>\n<meta property=\"og:url\" content=\"https:\/\/verduweb.com\/blog\/verdu-atendera-surmueble-2021\/\" \/>\n<meta property=\"og:site_name\" content=\"Verd\u00fa Blog\" \/>\n<meta property=\"article:publisher\" content=\"https:\/\/www.facebook.com\/Verdustore\" \/>\n<meta property=\"article:published_time\" content=\"2021-09-20T11:27:10+00:00\" \/>\n<meta property=\"article:modified_time\" content=\"2026-02-25T11:14:50+00:00\" \/>\n<meta property=\"og:image\" content=\"https:\/\/verduweb.com\/blog\/wp-content\/uploads\/2021\/09\/surmueble-1.jpg\" \/>\n\t<meta property=\"og:image:width\" content=\"674\" \/>\n\t<meta property=\"og:image:height\" content=\"318\" \/>\n\t<meta property=\"og:image:type\" content=\"image\/jpeg\" \/>\n<meta name=\"author\" content=\"Antonio\" \/>\n<meta name=\"twitter:card\" content=\"summary_large_image\" \/>\n<meta name=\"twitter:creator\" content=\"@VerduStore\" \/>\n<meta name=\"twitter:site\" content=\"@VerduStore\" \/>\n<meta name=\"twitter:label1\" content=\"Escrito por\" \/>\n\t<meta name=\"twitter:data1\" content=\"Antonio\" \/>\n\t<meta name=\"twitter:label2\" content=\"Tiempo de lectura\" \/>\n\t<meta name=\"twitter:data2\" content=\"2 minutos\" \/>\n<script type=\"application\/ld+json\" class=\"yoast-schema-graph\">{\"@context\":\"https:\/\/schema.org\",\"@graph\":[{\"@type\":\"Article\",\"@id\":\"https:\/\/verduweb.com\/blog\/verdu-atendera-surmueble-2021\/#article\",\"isPartOf\":{\"@id\":\"https:\/\/verduweb.com\/blog\/verdu-atendera-surmueble-2021\/\"},\"author\":{\"name\":\"Antonio\",\"@id\":\"https:\/\/verduweb.com\/blog\/#\/schema\/person\/703e904ae580e8e30be28be42d880b4a\"},\"headline\":\"Verd\u00fa atender\u00e1 SurMueble 2021\",\"datePublished\":\"2021-09-20T11:27:10+00:00\",\"dateModified\":\"2026-02-25T11:14:50+00:00\",\"mainEntityOfPage\":{\"@id\":\"https:\/\/verduweb.com\/blog\/verdu-atendera-surmueble-2021\/\"},\"wordCount\":275,\"commentCount\":0,\"publisher\":{\"@id\":\"https:\/\/verduweb.com\/blog\/#organization\"},\"image\":{\"@id\":\"https:\/\/verduweb.com\/blog\/verdu-atendera-surmueble-2021\/#primaryimage\"},\"thumbnailUrl\":\"https:\/\/i0.wp.com\/verduweb.com\/blog\/wp-content\/uploads\/2021\/09\/surmueble-1.jpg?fit=674%2C318&ssl=1\",\"articleSection\":[\"General\"],\"inLanguage\":\"es\",\"potentialAction\":[{\"@type\":\"CommentAction\",\"name\":\"Comment\",\"target\":[\"https:\/\/verduweb.com\/blog\/verdu-atendera-surmueble-2021\/#respond\"]}]},{\"@type\":\"WebPage\",\"@id\":\"https:\/\/verduweb.com\/blog\/verdu-atendera-surmueble-2021\/\",\"url\":\"https:\/\/verduweb.com\/blog\/verdu-atendera-surmueble-2021\/\",\"name\":\"Verd\u00fa atender\u00e1 SurMueble 2021 &#8226; Verd\u00fa Blog\",\"isPartOf\":{\"@id\":\"https:\/\/verduweb.com\/blog\/#website\"},\"primaryImageOfPage\":{\"@id\":\"https:\/\/verduweb.com\/blog\/verdu-atendera-surmueble-2021\/#primaryimage\"},\"image\":{\"@id\":\"https:\/\/verduweb.com\/blog\/verdu-atendera-surmueble-2021\/#primaryimage\"},\"thumbnailUrl\":\"https:\/\/i0.wp.com\/verduweb.com\/blog\/wp-content\/uploads\/2021\/09\/surmueble-1.jpg?fit=674%2C318&ssl=1\",\"datePublished\":\"2021-09-20T11:27:10+00:00\",\"dateModified\":\"2026-02-25T11:14:50+00:00\",\"breadcrumb\":{\"@id\":\"https:\/\/verduweb.com\/blog\/verdu-atendera-surmueble-2021\/#breadcrumb\"},\"inLanguage\":\"es\",\"potentialAction\":[{\"@type\":\"ReadAction\",\"target\":[\"https:\/\/verduweb.com\/blog\/verdu-atendera-surmueble-2021\/\"]}]},{\"@type\":\"ImageObject\",\"inLanguage\":\"es\",\"@id\":\"https:\/\/verduweb.com\/blog\/verdu-atendera-surmueble-2021\/#primaryimage\",\"url\":\"https:\/\/i0.wp.com\/verduweb.com\/blog\/wp-content\/uploads\/2021\/09\/surmueble-1.jpg?fit=674%2C318&ssl=1\",\"contentUrl\":\"https:\/\/i0.wp.com\/verduweb.com\/blog\/wp-content\/uploads\/2021\/09\/surmueble-1.jpg?fit=674%2C318&ssl=1\",\"width\":674,\"height\":318,\"caption\":\"surmueble herrajes\"},{\"@type\":\"BreadcrumbList\",\"@id\":\"https:\/\/verduweb.com\/blog\/verdu-atendera-surmueble-2021\/#breadcrumb\",\"itemListElement\":[{\"@type\":\"ListItem\",\"position\":1,\"name\":\"Portada\",\"item\":\"https:\/\/verduweb.com\/blog\/\"},{\"@type\":\"ListItem\",\"position\":2,\"name\":\"Verd\u00fa atender\u00e1 SurMueble 2021\"}]},{\"@type\":\"WebSite\",\"@id\":\"https:\/\/verduweb.com\/blog\/#website\",\"url\":\"https:\/\/verduweb.com\/blog\/\",\"name\":\"Verd\u00fa Blog\",\"description\":\"Espacio dedicado al profesional del mueble: noticias y consejos del sector\",\"publisher\":{\"@id\":\"https:\/\/verduweb.com\/blog\/#organization\"},\"potentialAction\":[{\"@type\":\"SearchAction\",\"target\":{\"@type\":\"EntryPoint\",\"urlTemplate\":\"https:\/\/verduweb.com\/blog\/?s={search_term_string}\"},\"query-input\":{\"@type\":\"PropertyValueSpecification\",\"valueRequired\":true,\"valueName\":\"search_term_string\"}}],\"inLanguage\":\"es\"},{\"@type\":\"Organization\",\"@id\":\"https:\/\/verduweb.com\/blog\/#organization\",\"name\":\"Ferreter\u00eda Verd\u00fa Online\",\"url\":\"https:\/\/verduweb.com\/blog\/\",\"logo\":{\"@type\":\"ImageObject\",\"inLanguage\":\"es\",\"@id\":\"https:\/\/verduweb.com\/blog\/#\/schema\/logo\/image\/\",\"url\":\"https:\/\/i0.wp.com\/verduweb.com\/blog\/wp-content\/uploads\/2019\/04\/logo-verdublog.png?fit=350%2C60&ssl=1\",\"contentUrl\":\"https:\/\/i0.wp.com\/verduweb.com\/blog\/wp-content\/uploads\/2019\/04\/logo-verdublog.png?fit=350%2C60&ssl=1\",\"width\":350,\"height\":60,\"caption\":\"Ferreter\u00eda Verd\u00fa Online\"},\"image\":{\"@id\":\"https:\/\/verduweb.com\/blog\/#\/schema\/logo\/image\/\"},\"sameAs\":[\"https:\/\/www.facebook.com\/Verdustore\",\"https:\/\/x.com\/VerduStore\",\"https:\/\/www.instagram.com\/verdustore.es\",\"https:\/\/www.linkedin.com\/company\/2778584\",\"https:\/\/www.pinterest.com\/verduonline\/\",\"http:\/\/www.youtube.com\/user\/verduonline\"]},{\"@type\":\"Person\",\"@id\":\"https:\/\/verduweb.com\/blog\/#\/schema\/person\/703e904ae580e8e30be28be42d880b4a\",\"name\":\"Antonio\",\"image\":{\"@type\":\"ImageObject\",\"inLanguage\":\"es\",\"@id\":\"https:\/\/verduweb.com\/blog\/#\/schema\/person\/image\/\",\"url\":\"https:\/\/secure.gravatar.com\/avatar\/7ce3a02b947f85e1e5b3fa051ad21434ee288ff825c7d5d4d0aaa6c07ed6a850?s=96&d=blank&r=g\",\"contentUrl\":\"https:\/\/secure.gravatar.com\/avatar\/7ce3a02b947f85e1e5b3fa051ad21434ee288ff825c7d5d4d0aaa6c07ed6a850?s=96&d=blank&r=g\",\"caption\":\"Antonio\"},\"url\":\"https:\/\/verduweb.com\/blog\/author\/antonio\/\"}]}<\/script>\n<!-- \/ Yoast SEO plugin. -->","yoast_head_json":{"title":"Verd\u00fa atender\u00e1 SurMueble 2021 &#8226; Verd\u00fa Blog","robots":{"index":"index","follow":"follow","max-snippet":"max-snippet:-1","max-image-preview":"max-image-preview:large","max-video-preview":"max-video-preview:-1"},"canonical":"https:\/\/verduweb.com\/blog\/verdu-atendera-surmueble-2021\/","og_locale":"es_ES","og_type":"article","og_title":"Verd\u00fa atender\u00e1 SurMueble 2021 &#8226; Verd\u00fa Blog","og_description":"Nos complace comunicar que Verd\u00fa estar\u00e1 presente en la feria de fabricantes del muebles SurMueble, que tendr\u00e1 lugar en Sevilla entre el 28 de Septiembre y 1 de Octubre en&#46;&#46;&#46;","og_url":"https:\/\/verduweb.com\/blog\/verdu-atendera-surmueble-2021\/","og_site_name":"Verd\u00fa Blog","article_publisher":"https:\/\/www.facebook.com\/Verdustore","article_published_time":"2021-09-20T11:27:10+00:00","article_modified_time":"2026-02-25T11:14:50+00:00","og_image":[{"width":674,"height":318,"url":"https:\/\/verduweb.com\/blog\/wp-content\/uploads\/2021\/09\/surmueble-1.jpg","type":"image\/jpeg"}],"author":"Antonio","twitter_card":"summary_large_image","twitter_creator":"@VerduStore","twitter_site":"@VerduStore","twitter_misc":{"Escrito por":"Antonio","Tiempo de lectura":"2 minutos"},"schema":{"@context":"https:\/\/schema.org","@graph":[{"@type":"Article","@id":"https:\/\/verduweb.com\/blog\/verdu-atendera-surmueble-2021\/#article","isPartOf":{"@id":"https:\/\/verduweb.com\/blog\/verdu-atendera-surmueble-2021\/"},"author":{"name":"Antonio","@id":"https:\/\/verduweb.com\/blog\/#\/schema\/person\/703e904ae580e8e30be28be42d880b4a"},"headline":"Verd\u00fa atender\u00e1 SurMueble 2021","datePublished":"2021-09-20T11:27:10+00:00","dateModified":"2026-02-25T11:14:50+00:00","mainEntityOfPage":{"@id":"https:\/\/verduweb.com\/blog\/verdu-atendera-surmueble-2021\/"},"wordCount":275,"commentCount":0,"publisher":{"@id":"https:\/\/verduweb.com\/blog\/#organization"},"image":{"@id":"https:\/\/verduweb.com\/blog\/verdu-atendera-surmueble-2021\/#primaryimage"},"thumbnailUrl":"https:\/\/i0.wp.com\/verduweb.com\/blog\/wp-content\/uploads\/2021\/09\/surmueble-1.jpg?fit=674%2C318&ssl=1","articleSection":["General"],"inLanguage":"es","potentialAction":[{"@type":"CommentAction","name":"Comment","target":["https:\/\/verduweb.com\/blog\/verdu-atendera-surmueble-2021\/#respond"]}]},{"@type":"WebPage","@id":"https:\/\/verduweb.com\/blog\/verdu-atendera-surmueble-2021\/","url":"https:\/\/verduweb.com\/blog\/verdu-atendera-surmueble-2021\/","name":"Verd\u00fa atender\u00e1 SurMueble 2021 &#8226; Verd\u00fa Blog","isPartOf":{"@id":"https:\/\/verduweb.com\/blog\/#website"},"primaryImageOfPage":{"@id":"https:\/\/verduweb.com\/blog\/verdu-atendera-surmueble-2021\/#primaryimage"},"image":{"@id":"https:\/\/verduweb.com\/blog\/verdu-atendera-surmueble-2021\/#primaryimage"},"thumbnailUrl":"https:\/\/i0.wp.com\/verduweb.com\/blog\/wp-content\/uploads\/2021\/09\/surmueble-1.jpg?fit=674%2C318&ssl=1","datePublished":"2021-09-20T11:27:10+00:00","dateModified":"2026-02-25T11:14:50+00:00","breadcrumb":{"@id":"https:\/\/verduweb.com\/blog\/verdu-atendera-surmueble-2021\/#breadcrumb"},"inLanguage":"es","potentialAction":[{"@type":"ReadAction","target":["https:\/\/verduweb.com\/blog\/verdu-atendera-surmueble-2021\/"]}]},{"@type":"ImageObject","inLanguage":"es","@id":"https:\/\/verduweb.com\/blog\/verdu-atendera-surmueble-2021\/#primaryimage","url":"https:\/\/i0.wp.com\/verduweb.com\/blog\/wp-content\/uploads\/2021\/09\/surmueble-1.jpg?fit=674%2C318&ssl=1","contentUrl":"https:\/\/i0.wp.com\/verduweb.com\/blog\/wp-content\/uploads\/2021\/09\/surmueble-1.jpg?fit=674%2C318&ssl=1","width":674,"height":318,"caption":"surmueble herrajes"},{"@type":"BreadcrumbList","@id":"https:\/\/verduweb.com\/blog\/verdu-atendera-surmueble-2021\/#breadcrumb","itemListElement":[{"@type":"ListItem","position":1,"name":"Portada","item":"https:\/\/verduweb.com\/blog\/"},{"@type":"ListItem","position":2,"name":"Verd\u00fa atender\u00e1 SurMueble 2021"}]},{"@type":"WebSite","@id":"https:\/\/verduweb.com\/blog\/#website","url":"https:\/\/verduweb.com\/blog\/","name":"Verd\u00fa Blog","description":"Espacio dedicado al profesional del mueble: noticias y consejos del sector","publisher":{"@id":"https:\/\/verduweb.com\/blog\/#organization"},"potentialAction":[{"@type":"SearchAction","target":{"@type":"EntryPoint","urlTemplate":"https:\/\/verduweb.com\/blog\/?s={search_term_string}"},"query-input":{"@type":"PropertyValueSpecification","valueRequired":true,"valueName":"search_term_string"}}],"inLanguage":"es"},{"@type":"Organization","@id":"https:\/\/verduweb.com\/blog\/#organization","name":"Ferreter\u00eda Verd\u00fa Online","url":"https:\/\/verduweb.com\/blog\/","logo":{"@type":"ImageObject","inLanguage":"es","@id":"https:\/\/verduweb.com\/blog\/#\/schema\/logo\/image\/","url":"https:\/\/i0.wp.com\/verduweb.com\/blog\/wp-content\/uploads\/2019\/04\/logo-verdublog.png?fit=350%2C60&ssl=1","contentUrl":"https:\/\/i0.wp.com\/verduweb.com\/blog\/wp-content\/uploads\/2019\/04\/logo-verdublog.png?fit=350%2C60&ssl=1","width":350,"height":60,"caption":"Ferreter\u00eda Verd\u00fa Online"},"image":{"@id":"https:\/\/verduweb.com\/blog\/#\/schema\/logo\/image\/"},"sameAs":["https:\/\/www.facebook.com\/Verdustore","https:\/\/x.com\/VerduStore","https:\/\/www.instagram.com\/verdustore.es","https:\/\/www.linkedin.com\/company\/2778584","https:\/\/www.pinterest.com\/verduonline\/","http:\/\/www.youtube.com\/user\/verduonline"]},{"@type":"Person","@id":"https:\/\/verduweb.com\/blog\/#\/schema\/person\/703e904ae580e8e30be28be42d880b4a","name":"Antonio","image":{"@type":"ImageObject","inLanguage":"es","@id":"https:\/\/verduweb.com\/blog\/#\/schema\/person\/image\/","url":"https:\/\/secure.gravatar.com\/avatar\/7ce3a02b947f85e1e5b3fa051ad21434ee288ff825c7d5d4d0aaa6c07ed6a850?s=96&d=blank&r=g","contentUrl":"https:\/\/secure.gravatar.com\/avatar\/7ce3a02b947f85e1e5b3fa051ad21434ee288ff825c7d5d4d0aaa6c07ed6a850?s=96&d=blank&r=g","caption":"Antonio"},"url":"https:\/\/verduweb.com\/blog\/author\/antonio\/"}]}},"jetpack_publicize_connections":[],"jetpack_featured_media_url":"https:\/\/i0.wp.com\/verduweb.com\/blog\/wp-content\/uploads\/2021\/09\/surmueble-1.jpg?fit=674%2C318&ssl=1","jetpack_sharing_enabled":true,"jetpack_shortlink":"https:\/\/wp.me\/p9LpR4-1HT","jetpack_likes_enabled":true,"jetpack-related-posts":[],"_links":{"self":[{"href":"https:\/\/verduweb.com\/blog\/wp-json\/wp\/v2\/posts\/6565","targetHints":{"allow":["GET"]}}],"collection":[{"href":"https:\/\/verduweb.com\/blog\/wp-json\/wp\/v2\/posts"}],"about":[{"href":"https:\/\/verduweb.com\/blog\/wp-json\/wp\/v2\/types\/post"}],"author":[{"embeddable":true,"href":"https:\/\/verduweb.com\/blog\/wp-json\/wp\/v2\/users\/11"}],"replies":[{"embeddable":true,"href":"https:\/\/verduweb.com\/blog\/wp-json\/wp\/v2\/comments?post=6565"}],"version-history":[{"count":10,"href":"https:\/\/verduweb.com\/blog\/wp-json\/wp\/v2\/posts\/6565\/revisions"}],"predecessor-version":[{"id":6887,"href":"https:\/\/verduweb.com\/blog\/wp-json\/wp\/v2\/posts\/6565\/revisions\/6887"}],"wp:featuredmedia":[{"embeddable":true,"href":"https:\/\/verduweb.com\/blog\/wp-json\/wp\/v2\/media\/6577"}],"wp:attachment":[{"href":"https:\/\/verduweb.com\/blog\/wp-json\/wp\/v2\/media?parent=6565"}],"wp:term":[{"taxonomy":"category","embeddable":true,"href":"https:\/\/verduweb.com\/blog\/wp-json\/wp\/v2\/categories?post=6565"},{"taxonomy":"post_tag","embeddable":true,"href":"https:\/\/verduweb.com\/blog\/wp-json\/wp\/v2\/tags?post=6565"}],"curies":[{"name":"wp","href":"https:\/\/api.w.org\/{rel}","templated":true}]}}