{"id":6069,"date":"2020-11-03T16:57:26","date_gmt":"2020-11-03T15:57:26","guid":{"rendered":"https:\/\/verduweb.com\/blog\/?p=6069"},"modified":"2021-06-22T12:05:36","modified_gmt":"2021-06-22T10:05:36","slug":"coleccion-de-armario-serie-optima","status":"publish","type":"post","link":"https:\/\/verduweb.com\/blog\/coleccion-de-armario-serie-optima\/","title":{"rendered":"Colecci\u00f3n de armario Serie \u00d3ptima"},"content":{"rendered":"\n<div class=\"wp-block-image\"><figure class=\"aligncenter size-large\"><img data-recalc-dims=\"1\" loading=\"lazy\" decoding=\"async\" width=\"1024\" height=\"819\" data-attachment-id=\"6095\" data-permalink=\"https:\/\/verduweb.com\/blog\/coleccion-de-armario-serie-optima\/coleccion-s\/\" data-orig-file=\"https:\/\/i0.wp.com\/verduweb.com\/blog\/wp-content\/uploads\/2020\/11\/coleccion-s.jpg?fit=2000%2C1600&amp;ssl=1\" data-orig-size=\"2000,1600\" data-comments-opened=\"1\" data-image-meta=\"{&quot;aperture&quot;:&quot;0&quot;,&quot;credit&quot;:&quot;&quot;,&quot;camera&quot;:&quot;&quot;,&quot;caption&quot;:&quot;&quot;,&quot;created_timestamp&quot;:&quot;0&quot;,&quot;copyright&quot;:&quot;&quot;,&quot;focal_length&quot;:&quot;0&quot;,&quot;iso&quot;:&quot;0&quot;,&quot;shutter_speed&quot;:&quot;0&quot;,&quot;title&quot;:&quot;&quot;,&quot;orientation&quot;:&quot;1&quot;}\" data-image-title=\"colecci\u00f3n serie optima\" data-image-description=\"\" data-image-caption=\"\" data-medium-file=\"https:\/\/i0.wp.com\/verduweb.com\/blog\/wp-content\/uploads\/2020\/11\/coleccion-s.jpg?fit=300%2C240&amp;ssl=1\" data-large-file=\"https:\/\/i0.wp.com\/verduweb.com\/blog\/wp-content\/uploads\/2020\/11\/coleccion-s.jpg?fit=1024%2C819&amp;ssl=1\" src=\"https:\/\/i0.wp.com\/verduweb.com\/blog\/wp-content\/uploads\/2020\/11\/coleccion-s.jpg?resize=1024%2C819&#038;ssl=1\" alt=\"acessorios para armario\" class=\"wp-image-6095\" srcset=\"https:\/\/i0.wp.com\/verduweb.com\/blog\/wp-content\/uploads\/2020\/11\/coleccion-s.jpg?resize=1024%2C819&amp;ssl=1 1024w, https:\/\/i0.wp.com\/verduweb.com\/blog\/wp-content\/uploads\/2020\/11\/coleccion-s.jpg?resize=300%2C240&amp;ssl=1 300w, https:\/\/i0.wp.com\/verduweb.com\/blog\/wp-content\/uploads\/2020\/11\/coleccion-s.jpg?resize=768%2C614&amp;ssl=1 768w, https:\/\/i0.wp.com\/verduweb.com\/blog\/wp-content\/uploads\/2020\/11\/coleccion-s.jpg?resize=1536%2C1229&amp;ssl=1 1536w, https:\/\/i0.wp.com\/verduweb.com\/blog\/wp-content\/uploads\/2020\/11\/coleccion-s.jpg?w=2000&amp;ssl=1 2000w\" sizes=\"auto, (max-width: 1000px) 100vw, 1000px\" \/><\/figure><\/div>\n\n\n\n<p>Los herrajes para muebles son una parte fundamental en nuestro d\u00eda a d\u00eda. Casi sin darnos cuenta, nos topamos constantemente con ellos al cruzar puertas, abrir armarios y cerrar cajones. Est\u00e1n destinados a mejorar la ergonom\u00eda de nuestro entorno. En este art\u00edculo, presentamos la <strong>nueva colecci\u00f3n de herrajes de armario Serie \u00d3ptima<\/strong>.<\/p>\n\n\n\n<p>Conforme avanzan las necesidades de los hogares y cambian las tendencias, <strong>los herrajes evolucionan<\/strong> para hacer posible que el mobiliario sea lo m\u00e1s pr\u00e1ctico y eficiente posible.<\/p>\n\n\n\n<h2 class=\"has-text-align-center wp-block-heading\"><strong>Conoce la colecci\u00f3n de armario Serie \u00d3ptima<\/strong><\/h2>\n\n\n\n<p>La colecci\u00f3n de herrajes y accesorios para armario de la Serie \u00d3ptima es el resultado de mucho esfuerzo enfocado al <strong>desarrollo de herrajes ad hoc a las tendencias actuales<\/strong>. El dise\u00f1o de los diferentes modelos de esta serie est\u00e1 pensado para crear espacios modernos y muy ergon\u00f3micos.<\/p>\n\n\n\n<p>Su tecnolog\u00eda permite aprovechar al m\u00e1ximo los espacios reducidos. La colecci\u00f3n de armario Serie \u00d3ptima tiene diferentes opciones para todas las necesidades y tipos de armario. A continuaci\u00f3n, te contaremos cu\u00e1les son <strong>los principales productos de esta serie<\/strong>:<\/p>\n\n\n\n<h3 class=\"wp-block-heading\"><strong>Tubo Stor rectangular para armario<\/strong><\/h3>\n\n\n\n<div class=\"wp-block-image\"><figure class=\"aligncenter size-large\"><a href=\"https:\/\/verduonlinestore.com\/interior-armario\/23298-tubo-aluminio-plata-mate-rectangular-30-10-3m-8434824007464.html\"><img data-recalc-dims=\"1\" loading=\"lazy\" decoding=\"async\" width=\"520\" height=\"520\" data-attachment-id=\"6351\" data-permalink=\"https:\/\/verduweb.com\/blog\/coleccion-de-armario-serie-optima\/tubo-aluminio-plata-mate-rectangular-30-10-3m\/\" data-orig-file=\"https:\/\/i0.wp.com\/verduweb.com\/blog\/wp-content\/uploads\/2020\/11\/tubo-aluminio-plata-mate-rectangular-30-10-3m.jpg?fit=520%2C520&amp;ssl=1\" data-orig-size=\"520,520\" data-comments-opened=\"1\" data-image-meta=\"{&quot;aperture&quot;:&quot;0&quot;,&quot;credit&quot;:&quot;&quot;,&quot;camera&quot;:&quot;&quot;,&quot;caption&quot;:&quot;&quot;,&quot;created_timestamp&quot;:&quot;0&quot;,&quot;copyright&quot;:&quot;&quot;,&quot;focal_length&quot;:&quot;0&quot;,&quot;iso&quot;:&quot;0&quot;,&quot;shutter_speed&quot;:&quot;0&quot;,&quot;title&quot;:&quot;&quot;,&quot;orientation&quot;:&quot;0&quot;}\" data-image-title=\"tubo-aluminio-plata-mate-rectangular-30-10-3m\" data-image-description=\"\" data-image-caption=\"\" data-medium-file=\"https:\/\/i0.wp.com\/verduweb.com\/blog\/wp-content\/uploads\/2020\/11\/tubo-aluminio-plata-mate-rectangular-30-10-3m.jpg?fit=300%2C300&amp;ssl=1\" data-large-file=\"https:\/\/i0.wp.com\/verduweb.com\/blog\/wp-content\/uploads\/2020\/11\/tubo-aluminio-plata-mate-rectangular-30-10-3m.jpg?fit=520%2C520&amp;ssl=1\" src=\"https:\/\/i0.wp.com\/verduweb.com\/blog\/wp-content\/uploads\/2020\/11\/tubo-aluminio-plata-mate-rectangular-30-10-3m.jpg?resize=520%2C520&#038;ssl=1\" alt=\"barra armario\" class=\"wp-image-6351\" srcset=\"https:\/\/i0.wp.com\/verduweb.com\/blog\/wp-content\/uploads\/2020\/11\/tubo-aluminio-plata-mate-rectangular-30-10-3m.jpg?w=520&amp;ssl=1 520w, https:\/\/i0.wp.com\/verduweb.com\/blog\/wp-content\/uploads\/2020\/11\/tubo-aluminio-plata-mate-rectangular-30-10-3m.jpg?resize=300%2C300&amp;ssl=1 300w, https:\/\/i0.wp.com\/verduweb.com\/blog\/wp-content\/uploads\/2020\/11\/tubo-aluminio-plata-mate-rectangular-30-10-3m.jpg?resize=150%2C150&amp;ssl=1 150w, https:\/\/i0.wp.com\/verduweb.com\/blog\/wp-content\/uploads\/2020\/11\/tubo-aluminio-plata-mate-rectangular-30-10-3m.jpg?resize=80%2C80&amp;ssl=1 80w, https:\/\/i0.wp.com\/verduweb.com\/blog\/wp-content\/uploads\/2020\/11\/tubo-aluminio-plata-mate-rectangular-30-10-3m.jpg?resize=320%2C320&amp;ssl=1 320w\" sizes=\"auto, (max-width: 520px) 100vw, 520px\" \/><\/a><\/figure><\/div>\n\n\n\n<p>Un <a href=\"https:\/\/verduonlinestore.com\/interior-armario\/23298-tubo-aluminio-plata-mate-rectangular-30-10-3m-8434824007464.html\">tubo rectangular para armarios<\/a> innovador de la marca Organita en dos acabados: cromo y mocca (ref. 9037.32). Este viene con soportes laterales para poder colocarlo firmemente dentro del armario, tambi\u00e9n en acabado mocca y cromo (ref. 9037.94).<\/p>\n\n\n\n<p>Su forma rectangular le hace distinguirse de otros modelos m\u00e1s convencionales. Este rompe con la tendencia del tubo circular y ovalado con una forma m\u00e1s c\u00fabica y moderna.<\/p>\n\n\n\n<h3 class=\"wp-block-heading\"><strong>Tabla de planchar extra\u00edble<\/strong><strong><\/strong><\/h3>\n\n\n\n<figure class=\"wp-block-gallery columns-2 is-cropped wp-block-gallery-1 is-layout-flex wp-block-gallery-is-layout-flex\"><ul class=\"blocks-gallery-grid\"><li class=\"blocks-gallery-item\"><figure><img data-recalc-dims=\"1\" loading=\"lazy\" decoding=\"async\" width=\"520\" height=\"520\" data-attachment-id=\"6076\" data-permalink=\"https:\/\/verduweb.com\/blog\/coleccion-de-armario-serie-optima\/tabla-de-planchar-serie-optima-extraible-abatible-y-giratoria\/\" data-orig-file=\"https:\/\/i0.wp.com\/verduweb.com\/blog\/wp-content\/uploads\/2020\/11\/tabla-de-planchar-serie-optima-extraible-abatible-y-giratoria.jpg?fit=520%2C520&amp;ssl=1\" data-orig-size=\"520,520\" data-comments-opened=\"1\" data-image-meta=\"{&quot;aperture&quot;:&quot;0&quot;,&quot;credit&quot;:&quot;&quot;,&quot;camera&quot;:&quot;&quot;,&quot;caption&quot;:&quot;&quot;,&quot;created_timestamp&quot;:&quot;0&quot;,&quot;copyright&quot;:&quot;&quot;,&quot;focal_length&quot;:&quot;0&quot;,&quot;iso&quot;:&quot;0&quot;,&quot;shutter_speed&quot;:&quot;0&quot;,&quot;title&quot;:&quot;&quot;,&quot;orientation&quot;:&quot;0&quot;}\" data-image-title=\"tabla-de-planchar-serie-optima-extraible-abatible-y-giratoria\" data-image-description=\"\" data-image-caption=\"\" data-medium-file=\"https:\/\/i0.wp.com\/verduweb.com\/blog\/wp-content\/uploads\/2020\/11\/tabla-de-planchar-serie-optima-extraible-abatible-y-giratoria.jpg?fit=300%2C300&amp;ssl=1\" data-large-file=\"https:\/\/i0.wp.com\/verduweb.com\/blog\/wp-content\/uploads\/2020\/11\/tabla-de-planchar-serie-optima-extraible-abatible-y-giratoria.jpg?fit=520%2C520&amp;ssl=1\" src=\"https:\/\/i0.wp.com\/verduweb.com\/blog\/wp-content\/uploads\/2020\/11\/tabla-de-planchar-serie-optima-extraible-abatible-y-giratoria.jpg?resize=520%2C520&#038;ssl=1\" alt=\"\" data-id=\"6076\" data-link=\"https:\/\/verduweb.com\/blog\/?attachment_id=6076\" class=\"wp-image-6076\" srcset=\"https:\/\/i0.wp.com\/verduweb.com\/blog\/wp-content\/uploads\/2020\/11\/tabla-de-planchar-serie-optima-extraible-abatible-y-giratoria.jpg?w=520&amp;ssl=1 520w, https:\/\/i0.wp.com\/verduweb.com\/blog\/wp-content\/uploads\/2020\/11\/tabla-de-planchar-serie-optima-extraible-abatible-y-giratoria.jpg?resize=300%2C300&amp;ssl=1 300w, https:\/\/i0.wp.com\/verduweb.com\/blog\/wp-content\/uploads\/2020\/11\/tabla-de-planchar-serie-optima-extraible-abatible-y-giratoria.jpg?resize=150%2C150&amp;ssl=1 150w, https:\/\/i0.wp.com\/verduweb.com\/blog\/wp-content\/uploads\/2020\/11\/tabla-de-planchar-serie-optima-extraible-abatible-y-giratoria.jpg?resize=80%2C80&amp;ssl=1 80w, https:\/\/i0.wp.com\/verduweb.com\/blog\/wp-content\/uploads\/2020\/11\/tabla-de-planchar-serie-optima-extraible-abatible-y-giratoria.jpg?resize=320%2C320&amp;ssl=1 320w\" sizes=\"auto, (max-width: 520px) 100vw, 520px\" \/><\/figure><\/li><li class=\"blocks-gallery-item\"><figure><img data-recalc-dims=\"1\" loading=\"lazy\" decoding=\"async\" width=\"520\" height=\"520\" data-attachment-id=\"6077\" data-permalink=\"https:\/\/verduweb.com\/blog\/coleccion-de-armario-serie-optima\/tabla-de-planchar-serie-optima-extraible-abatible-y-giratoria-1\/\" data-orig-file=\"https:\/\/i0.wp.com\/verduweb.com\/blog\/wp-content\/uploads\/2020\/11\/tabla-de-planchar-serie-optima-extraible-abatible-y-giratoria-1.jpg?fit=520%2C520&amp;ssl=1\" data-orig-size=\"520,520\" data-comments-opened=\"1\" data-image-meta=\"{&quot;aperture&quot;:&quot;0&quot;,&quot;credit&quot;:&quot;&quot;,&quot;camera&quot;:&quot;&quot;,&quot;caption&quot;:&quot;&quot;,&quot;created_timestamp&quot;:&quot;0&quot;,&quot;copyright&quot;:&quot;&quot;,&quot;focal_length&quot;:&quot;0&quot;,&quot;iso&quot;:&quot;0&quot;,&quot;shutter_speed&quot;:&quot;0&quot;,&quot;title&quot;:&quot;&quot;,&quot;orientation&quot;:&quot;0&quot;}\" data-image-title=\"tabla-de-planchar-serie-optima-extraible-abatible-y-giratoria-1\" data-image-description=\"\" data-image-caption=\"\" data-medium-file=\"https:\/\/i0.wp.com\/verduweb.com\/blog\/wp-content\/uploads\/2020\/11\/tabla-de-planchar-serie-optima-extraible-abatible-y-giratoria-1.jpg?fit=300%2C300&amp;ssl=1\" data-large-file=\"https:\/\/i0.wp.com\/verduweb.com\/blog\/wp-content\/uploads\/2020\/11\/tabla-de-planchar-serie-optima-extraible-abatible-y-giratoria-1.jpg?fit=520%2C520&amp;ssl=1\" src=\"https:\/\/i0.wp.com\/verduweb.com\/blog\/wp-content\/uploads\/2020\/11\/tabla-de-planchar-serie-optima-extraible-abatible-y-giratoria-1.jpg?resize=520%2C520&#038;ssl=1\" alt=\"\" data-id=\"6077\" data-full-url=\"https:\/\/verduweb.com\/blog\/wp-content\/uploads\/2020\/11\/tabla-de-planchar-serie-optima-extraible-abatible-y-giratoria-1.jpg\" data-link=\"https:\/\/verduweb.com\/blog\/?attachment_id=6077\" class=\"wp-image-6077\" srcset=\"https:\/\/i0.wp.com\/verduweb.com\/blog\/wp-content\/uploads\/2020\/11\/tabla-de-planchar-serie-optima-extraible-abatible-y-giratoria-1.jpg?w=520&amp;ssl=1 520w, https:\/\/i0.wp.com\/verduweb.com\/blog\/wp-content\/uploads\/2020\/11\/tabla-de-planchar-serie-optima-extraible-abatible-y-giratoria-1.jpg?resize=300%2C300&amp;ssl=1 300w, https:\/\/i0.wp.com\/verduweb.com\/blog\/wp-content\/uploads\/2020\/11\/tabla-de-planchar-serie-optima-extraible-abatible-y-giratoria-1.jpg?resize=150%2C150&amp;ssl=1 150w, https:\/\/i0.wp.com\/verduweb.com\/blog\/wp-content\/uploads\/2020\/11\/tabla-de-planchar-serie-optima-extraible-abatible-y-giratoria-1.jpg?resize=80%2C80&amp;ssl=1 80w, https:\/\/i0.wp.com\/verduweb.com\/blog\/wp-content\/uploads\/2020\/11\/tabla-de-planchar-serie-optima-extraible-abatible-y-giratoria-1.jpg?resize=320%2C320&amp;ssl=1 320w\" sizes=\"auto, (max-width: 520px) 100vw, 520px\" \/><\/figure><\/li><\/ul><\/figure>\n\n\n\n<p>Para planchar no solo necesitas una superficie r\u00edgida, tambi\u00e9n necesitas de bastante espacio. En viviendas con poco espacio, esta <a href=\"https:\/\/verduonlinestore.com\/interior-armario\/23300-tabla-de-planchar-serie-optima-extraible-abatible-y-giratoria-8434824007488.html\">tabla de planchar extra\u00edble<\/a> es totalmente adecuada pues su dise\u00f1o extra\u00edble, retr\u00e1ctil y giratorio la hace ideal para guardarla en el armario sin que ocupe mucho espacio.<\/p>\n\n\n\n<p>Su dise\u00f1o est\u00e1 hecho para que se pueda instalar esta tabla en cuesti\u00f3n de minutos y sin usar herramientas complicadas. Podr\u00e1 colocarla en el lateral de tu armario, sacarla cuando vayas a planchar y plegarla cuando acabes con la ropa.<\/p>\n\n\n\n<h3 class=\"wp-block-heading\"><strong>Perchero abatible de aluminio<\/strong><\/h3>\n\n\n\n<figure class=\"wp-block-gallery columns-2 is-cropped wp-block-gallery-2 is-layout-flex wp-block-gallery-is-layout-flex\"><ul class=\"blocks-gallery-grid\"><li class=\"blocks-gallery-item\"><figure><img data-recalc-dims=\"1\" loading=\"lazy\" decoding=\"async\" width=\"520\" height=\"520\" data-attachment-id=\"6078\" data-permalink=\"https:\/\/verduweb.com\/blog\/coleccion-de-armario-serie-optima\/perchero-abatible-aluminio-serie-optima\/\" data-orig-file=\"https:\/\/i0.wp.com\/verduweb.com\/blog\/wp-content\/uploads\/2020\/11\/perchero-abatible-aluminio-serie-optima.jpg?fit=520%2C520&amp;ssl=1\" data-orig-size=\"520,520\" data-comments-opened=\"1\" data-image-meta=\"{&quot;aperture&quot;:&quot;0&quot;,&quot;credit&quot;:&quot;&quot;,&quot;camera&quot;:&quot;&quot;,&quot;caption&quot;:&quot;&quot;,&quot;created_timestamp&quot;:&quot;0&quot;,&quot;copyright&quot;:&quot;&quot;,&quot;focal_length&quot;:&quot;0&quot;,&quot;iso&quot;:&quot;0&quot;,&quot;shutter_speed&quot;:&quot;0&quot;,&quot;title&quot;:&quot;&quot;,&quot;orientation&quot;:&quot;0&quot;}\" data-image-title=\"perchero-abatible-aluminio-serie-optima\" data-image-description=\"\" data-image-caption=\"\" data-medium-file=\"https:\/\/i0.wp.com\/verduweb.com\/blog\/wp-content\/uploads\/2020\/11\/perchero-abatible-aluminio-serie-optima.jpg?fit=300%2C300&amp;ssl=1\" data-large-file=\"https:\/\/i0.wp.com\/verduweb.com\/blog\/wp-content\/uploads\/2020\/11\/perchero-abatible-aluminio-serie-optima.jpg?fit=520%2C520&amp;ssl=1\" src=\"https:\/\/i0.wp.com\/verduweb.com\/blog\/wp-content\/uploads\/2020\/11\/perchero-abatible-aluminio-serie-optima.jpg?resize=520%2C520&#038;ssl=1\" alt=\"\" data-id=\"6078\" data-link=\"https:\/\/verduweb.com\/blog\/?attachment_id=6078\" class=\"wp-image-6078\" srcset=\"https:\/\/i0.wp.com\/verduweb.com\/blog\/wp-content\/uploads\/2020\/11\/perchero-abatible-aluminio-serie-optima.jpg?w=520&amp;ssl=1 520w, https:\/\/i0.wp.com\/verduweb.com\/blog\/wp-content\/uploads\/2020\/11\/perchero-abatible-aluminio-serie-optima.jpg?resize=300%2C300&amp;ssl=1 300w, https:\/\/i0.wp.com\/verduweb.com\/blog\/wp-content\/uploads\/2020\/11\/perchero-abatible-aluminio-serie-optima.jpg?resize=150%2C150&amp;ssl=1 150w, https:\/\/i0.wp.com\/verduweb.com\/blog\/wp-content\/uploads\/2020\/11\/perchero-abatible-aluminio-serie-optima.jpg?resize=80%2C80&amp;ssl=1 80w, https:\/\/i0.wp.com\/verduweb.com\/blog\/wp-content\/uploads\/2020\/11\/perchero-abatible-aluminio-serie-optima.jpg?resize=320%2C320&amp;ssl=1 320w\" sizes=\"auto, (max-width: 520px) 100vw, 520px\" \/><\/figure><\/li><li class=\"blocks-gallery-item\"><figure><img data-recalc-dims=\"1\" loading=\"lazy\" decoding=\"async\" width=\"520\" height=\"520\" data-attachment-id=\"6079\" data-permalink=\"https:\/\/verduweb.com\/blog\/coleccion-de-armario-serie-optima\/perchero-abatible-aluminio-serie-optima-1\/\" data-orig-file=\"https:\/\/i0.wp.com\/verduweb.com\/blog\/wp-content\/uploads\/2020\/11\/perchero-abatible-aluminio-serie-optima-1.jpg?fit=520%2C520&amp;ssl=1\" data-orig-size=\"520,520\" data-comments-opened=\"1\" data-image-meta=\"{&quot;aperture&quot;:&quot;0&quot;,&quot;credit&quot;:&quot;&quot;,&quot;camera&quot;:&quot;&quot;,&quot;caption&quot;:&quot;&quot;,&quot;created_timestamp&quot;:&quot;0&quot;,&quot;copyright&quot;:&quot;&quot;,&quot;focal_length&quot;:&quot;0&quot;,&quot;iso&quot;:&quot;0&quot;,&quot;shutter_speed&quot;:&quot;0&quot;,&quot;title&quot;:&quot;&quot;,&quot;orientation&quot;:&quot;0&quot;}\" data-image-title=\"perchero-abatible-aluminio-serie-optima-1\" data-image-description=\"\" data-image-caption=\"\" data-medium-file=\"https:\/\/i0.wp.com\/verduweb.com\/blog\/wp-content\/uploads\/2020\/11\/perchero-abatible-aluminio-serie-optima-1.jpg?fit=300%2C300&amp;ssl=1\" data-large-file=\"https:\/\/i0.wp.com\/verduweb.com\/blog\/wp-content\/uploads\/2020\/11\/perchero-abatible-aluminio-serie-optima-1.jpg?fit=520%2C520&amp;ssl=1\" src=\"https:\/\/i0.wp.com\/verduweb.com\/blog\/wp-content\/uploads\/2020\/11\/perchero-abatible-aluminio-serie-optima-1.jpg?resize=520%2C520&#038;ssl=1\" alt=\"\" data-id=\"6079\" data-full-url=\"https:\/\/verduweb.com\/blog\/wp-content\/uploads\/2020\/11\/perchero-abatible-aluminio-serie-optima-1.jpg\" data-link=\"https:\/\/verduweb.com\/blog\/?attachment_id=6079\" class=\"wp-image-6079\" srcset=\"https:\/\/i0.wp.com\/verduweb.com\/blog\/wp-content\/uploads\/2020\/11\/perchero-abatible-aluminio-serie-optima-1.jpg?w=520&amp;ssl=1 520w, https:\/\/i0.wp.com\/verduweb.com\/blog\/wp-content\/uploads\/2020\/11\/perchero-abatible-aluminio-serie-optima-1.jpg?resize=300%2C300&amp;ssl=1 300w, https:\/\/i0.wp.com\/verduweb.com\/blog\/wp-content\/uploads\/2020\/11\/perchero-abatible-aluminio-serie-optima-1.jpg?resize=150%2C150&amp;ssl=1 150w, https:\/\/i0.wp.com\/verduweb.com\/blog\/wp-content\/uploads\/2020\/11\/perchero-abatible-aluminio-serie-optima-1.jpg?resize=80%2C80&amp;ssl=1 80w, https:\/\/i0.wp.com\/verduweb.com\/blog\/wp-content\/uploads\/2020\/11\/perchero-abatible-aluminio-serie-optima-1.jpg?resize=320%2C320&amp;ssl=1 320w\" sizes=\"auto, (max-width: 520px) 100vw, 520px\" \/><\/figure><\/li><\/ul><\/figure>\n\n\n\n<p>Si ya no cabe ropa en tu armario o quieres guardar las camisas y pantalones de modo que no se arruguen, sin duda esta es una gran opci\u00f3n. El <a href=\"https:\/\/verduonlinestore.com\/interior-armario\/22954-perchero-abatible-aluminio-serie-optima-8434824007600.html\">perchero abatible de la<\/a><a href=\"https:\/\/verduonlinestore.com\/interior-armario\/22954-perchero-abatible-aluminio-serie-optima-8434824007600.html\" target=\"_blank\" rel=\"noreferrer noopener\"> Serie \u00d3<\/a><a href=\"https:\/\/verduonlinestore.com\/interior-armario\/22954-perchero-abatible-aluminio-serie-optima-8434824007600.html\">ptima<\/a> te ayudar\u00e1 a colgar tu ropa f\u00e1cilmente y sin arrugas.<\/p>\n\n\n\n<p>La instalaci\u00f3n es muy sencilla, solo necesitar\u00e1s unos tornillos, taladro y taquetes para poder montarlo en cualquier armario, sin importar si este es peque\u00f1o. Cuando lo quieres usar, simplemente tendr\u00e1s que desplegarlo mientras que al guardarlo no ocupar\u00e1 mucho espacio, ya que es abatible.<\/p>\n\n\n\n<h3 class=\"wp-block-heading\"><strong>Perchero frontal de 9 perchas<\/strong><\/h3>\n\n\n\n<figure class=\"wp-block-gallery columns-2 is-cropped wp-block-gallery-3 is-layout-flex wp-block-gallery-is-layout-flex\"><ul class=\"blocks-gallery-grid\"><li class=\"blocks-gallery-item\"><figure><img data-recalc-dims=\"1\" loading=\"lazy\" decoding=\"async\" width=\"520\" height=\"520\" data-attachment-id=\"6081\" data-permalink=\"https:\/\/verduweb.com\/blog\/coleccion-de-armario-serie-optima\/perchero-frontal-extraible-serie-optima-9-perchas\/\" data-orig-file=\"https:\/\/i0.wp.com\/verduweb.com\/blog\/wp-content\/uploads\/2020\/11\/perchero-frontal-extraible-serie-optima-9-perchas.jpg?fit=520%2C520&amp;ssl=1\" data-orig-size=\"520,520\" data-comments-opened=\"1\" data-image-meta=\"{&quot;aperture&quot;:&quot;0&quot;,&quot;credit&quot;:&quot;&quot;,&quot;camera&quot;:&quot;&quot;,&quot;caption&quot;:&quot;&quot;,&quot;created_timestamp&quot;:&quot;0&quot;,&quot;copyright&quot;:&quot;&quot;,&quot;focal_length&quot;:&quot;0&quot;,&quot;iso&quot;:&quot;0&quot;,&quot;shutter_speed&quot;:&quot;0&quot;,&quot;title&quot;:&quot;&quot;,&quot;orientation&quot;:&quot;0&quot;}\" data-image-title=\"perchero-frontal-extraible-serie-optima-9-perchas\" data-image-description=\"\" data-image-caption=\"\" data-medium-file=\"https:\/\/i0.wp.com\/verduweb.com\/blog\/wp-content\/uploads\/2020\/11\/perchero-frontal-extraible-serie-optima-9-perchas.jpg?fit=300%2C300&amp;ssl=1\" data-large-file=\"https:\/\/i0.wp.com\/verduweb.com\/blog\/wp-content\/uploads\/2020\/11\/perchero-frontal-extraible-serie-optima-9-perchas.jpg?fit=520%2C520&amp;ssl=1\" src=\"https:\/\/i0.wp.com\/verduweb.com\/blog\/wp-content\/uploads\/2020\/11\/perchero-frontal-extraible-serie-optima-9-perchas.jpg?resize=520%2C520&#038;ssl=1\" alt=\"\" data-id=\"6081\" data-link=\"https:\/\/verduweb.com\/blog\/?attachment_id=6081\" class=\"wp-image-6081\" srcset=\"https:\/\/i0.wp.com\/verduweb.com\/blog\/wp-content\/uploads\/2020\/11\/perchero-frontal-extraible-serie-optima-9-perchas.jpg?w=520&amp;ssl=1 520w, https:\/\/i0.wp.com\/verduweb.com\/blog\/wp-content\/uploads\/2020\/11\/perchero-frontal-extraible-serie-optima-9-perchas.jpg?resize=300%2C300&amp;ssl=1 300w, https:\/\/i0.wp.com\/verduweb.com\/blog\/wp-content\/uploads\/2020\/11\/perchero-frontal-extraible-serie-optima-9-perchas.jpg?resize=150%2C150&amp;ssl=1 150w, https:\/\/i0.wp.com\/verduweb.com\/blog\/wp-content\/uploads\/2020\/11\/perchero-frontal-extraible-serie-optima-9-perchas.jpg?resize=80%2C80&amp;ssl=1 80w, https:\/\/i0.wp.com\/verduweb.com\/blog\/wp-content\/uploads\/2020\/11\/perchero-frontal-extraible-serie-optima-9-perchas.jpg?resize=320%2C320&amp;ssl=1 320w\" sizes=\"auto, (max-width: 520px) 100vw, 520px\" \/><\/figure><\/li><li class=\"blocks-gallery-item\"><figure><img data-recalc-dims=\"1\" loading=\"lazy\" decoding=\"async\" width=\"520\" height=\"520\" data-attachment-id=\"6082\" data-permalink=\"https:\/\/verduweb.com\/blog\/coleccion-de-armario-serie-optima\/perchero-frontal-extraible-serie-optima-9-perchas-1\/\" data-orig-file=\"https:\/\/i0.wp.com\/verduweb.com\/blog\/wp-content\/uploads\/2020\/11\/perchero-frontal-extraible-serie-optima-9-perchas-1.jpg?fit=520%2C520&amp;ssl=1\" data-orig-size=\"520,520\" data-comments-opened=\"1\" data-image-meta=\"{&quot;aperture&quot;:&quot;0&quot;,&quot;credit&quot;:&quot;&quot;,&quot;camera&quot;:&quot;&quot;,&quot;caption&quot;:&quot;&quot;,&quot;created_timestamp&quot;:&quot;0&quot;,&quot;copyright&quot;:&quot;&quot;,&quot;focal_length&quot;:&quot;0&quot;,&quot;iso&quot;:&quot;0&quot;,&quot;shutter_speed&quot;:&quot;0&quot;,&quot;title&quot;:&quot;&quot;,&quot;orientation&quot;:&quot;0&quot;}\" data-image-title=\"perchero-frontal-extraible-serie-optima-9-perchas-1\" data-image-description=\"\" data-image-caption=\"\" data-medium-file=\"https:\/\/i0.wp.com\/verduweb.com\/blog\/wp-content\/uploads\/2020\/11\/perchero-frontal-extraible-serie-optima-9-perchas-1.jpg?fit=300%2C300&amp;ssl=1\" data-large-file=\"https:\/\/i0.wp.com\/verduweb.com\/blog\/wp-content\/uploads\/2020\/11\/perchero-frontal-extraible-serie-optima-9-perchas-1.jpg?fit=520%2C520&amp;ssl=1\" src=\"https:\/\/i0.wp.com\/verduweb.com\/blog\/wp-content\/uploads\/2020\/11\/perchero-frontal-extraible-serie-optima-9-perchas-1.jpg?resize=520%2C520&#038;ssl=1\" alt=\"\" data-id=\"6082\" data-full-url=\"https:\/\/verduweb.com\/blog\/wp-content\/uploads\/2020\/11\/perchero-frontal-extraible-serie-optima-9-perchas-1.jpg\" data-link=\"https:\/\/verduweb.com\/blog\/?attachment_id=6082\" class=\"wp-image-6082\" srcset=\"https:\/\/i0.wp.com\/verduweb.com\/blog\/wp-content\/uploads\/2020\/11\/perchero-frontal-extraible-serie-optima-9-perchas-1.jpg?w=520&amp;ssl=1 520w, https:\/\/i0.wp.com\/verduweb.com\/blog\/wp-content\/uploads\/2020\/11\/perchero-frontal-extraible-serie-optima-9-perchas-1.jpg?resize=300%2C300&amp;ssl=1 300w, https:\/\/i0.wp.com\/verduweb.com\/blog\/wp-content\/uploads\/2020\/11\/perchero-frontal-extraible-serie-optima-9-perchas-1.jpg?resize=150%2C150&amp;ssl=1 150w, https:\/\/i0.wp.com\/verduweb.com\/blog\/wp-content\/uploads\/2020\/11\/perchero-frontal-extraible-serie-optima-9-perchas-1.jpg?resize=80%2C80&amp;ssl=1 80w, https:\/\/i0.wp.com\/verduweb.com\/blog\/wp-content\/uploads\/2020\/11\/perchero-frontal-extraible-serie-optima-9-perchas-1.jpg?resize=320%2C320&amp;ssl=1 320w\" sizes=\"auto, (max-width: 520px) 100vw, 520px\" \/><\/figure><\/li><\/ul><\/figure>\n\n\n\n<p>Si lo que buscas es un dise\u00f1o innovador, sin duda esta es una de las mejores opciones. Su forma alargada y sus peque\u00f1as esferas te ayudar\u00e1n a colgar todo lo que necesites f\u00e1cilmente. El <a href=\"https:\/\/verduonlinestore.com\/interior-armario\/23960-perchero-frontal-extraible-serie-optima-9-perchas-8432412065209.html\">perchero frontal extra\u00edble<\/a> es una soluci\u00f3n moderna y eficiente para armario.<\/p>\n\n\n\n<p>Montarlo es muy sencillo, ya que solo bastar\u00e1 con unos cuantos minutos y tornillos para poder sujetarlo a tu armario. Puedes montarlo donde quieras, solo toma en cuenta que el perchero se abre hacia la parte frontal. Adem\u00e1s, su construcci\u00f3n es muy s\u00f3lida y resistente con un estilo moderno.<\/p>\n\n\n\n<h3 class=\"wp-block-heading\"><strong>Pantalonero extra\u00edble de 11 perchas<\/strong><\/h3>\n\n\n\n<figure class=\"wp-block-gallery columns-2 is-cropped wp-block-gallery-4 is-layout-flex wp-block-gallery-is-layout-flex\"><ul class=\"blocks-gallery-grid\"><li class=\"blocks-gallery-item\"><figure><img data-recalc-dims=\"1\" loading=\"lazy\" decoding=\"async\" width=\"520\" height=\"520\" data-attachment-id=\"6083\" data-permalink=\"https:\/\/verduweb.com\/blog\/coleccion-de-armario-serie-optima\/pantalonero-11-perchas-extraccion-total-1\/\" data-orig-file=\"https:\/\/i0.wp.com\/verduweb.com\/blog\/wp-content\/uploads\/2020\/11\/pantalonero-11-perchas-extraccion-total-1.jpg?fit=520%2C520&amp;ssl=1\" data-orig-size=\"520,520\" data-comments-opened=\"1\" data-image-meta=\"{&quot;aperture&quot;:&quot;0&quot;,&quot;credit&quot;:&quot;&quot;,&quot;camera&quot;:&quot;&quot;,&quot;caption&quot;:&quot;&quot;,&quot;created_timestamp&quot;:&quot;0&quot;,&quot;copyright&quot;:&quot;&quot;,&quot;focal_length&quot;:&quot;0&quot;,&quot;iso&quot;:&quot;0&quot;,&quot;shutter_speed&quot;:&quot;0&quot;,&quot;title&quot;:&quot;&quot;,&quot;orientation&quot;:&quot;0&quot;}\" data-image-title=\"pantalonero-11-perchas-extraccion-total-1\" data-image-description=\"\" data-image-caption=\"\" data-medium-file=\"https:\/\/i0.wp.com\/verduweb.com\/blog\/wp-content\/uploads\/2020\/11\/pantalonero-11-perchas-extraccion-total-1.jpg?fit=300%2C300&amp;ssl=1\" data-large-file=\"https:\/\/i0.wp.com\/verduweb.com\/blog\/wp-content\/uploads\/2020\/11\/pantalonero-11-perchas-extraccion-total-1.jpg?fit=520%2C520&amp;ssl=1\" src=\"https:\/\/i0.wp.com\/verduweb.com\/blog\/wp-content\/uploads\/2020\/11\/pantalonero-11-perchas-extraccion-total-1.jpg?resize=520%2C520&#038;ssl=1\" alt=\"\" data-id=\"6083\" data-link=\"https:\/\/verduweb.com\/blog\/?attachment_id=6083\" class=\"wp-image-6083\" srcset=\"https:\/\/i0.wp.com\/verduweb.com\/blog\/wp-content\/uploads\/2020\/11\/pantalonero-11-perchas-extraccion-total-1.jpg?w=520&amp;ssl=1 520w, https:\/\/i0.wp.com\/verduweb.com\/blog\/wp-content\/uploads\/2020\/11\/pantalonero-11-perchas-extraccion-total-1.jpg?resize=300%2C300&amp;ssl=1 300w, https:\/\/i0.wp.com\/verduweb.com\/blog\/wp-content\/uploads\/2020\/11\/pantalonero-11-perchas-extraccion-total-1.jpg?resize=150%2C150&amp;ssl=1 150w, https:\/\/i0.wp.com\/verduweb.com\/blog\/wp-content\/uploads\/2020\/11\/pantalonero-11-perchas-extraccion-total-1.jpg?resize=80%2C80&amp;ssl=1 80w, https:\/\/i0.wp.com\/verduweb.com\/blog\/wp-content\/uploads\/2020\/11\/pantalonero-11-perchas-extraccion-total-1.jpg?resize=320%2C320&amp;ssl=1 320w\" sizes=\"auto, (max-width: 520px) 100vw, 520px\" \/><\/figure><\/li><li class=\"blocks-gallery-item\"><figure><img data-recalc-dims=\"1\" loading=\"lazy\" decoding=\"async\" width=\"520\" height=\"520\" data-attachment-id=\"6084\" data-permalink=\"https:\/\/verduweb.com\/blog\/coleccion-de-armario-serie-optima\/pantalonero-11-perchas-extraccion-total\/\" data-orig-file=\"https:\/\/i0.wp.com\/verduweb.com\/blog\/wp-content\/uploads\/2020\/11\/pantalonero-11-perchas-extraccion-total.jpg?fit=520%2C520&amp;ssl=1\" data-orig-size=\"520,520\" data-comments-opened=\"1\" data-image-meta=\"{&quot;aperture&quot;:&quot;0&quot;,&quot;credit&quot;:&quot;&quot;,&quot;camera&quot;:&quot;&quot;,&quot;caption&quot;:&quot;&quot;,&quot;created_timestamp&quot;:&quot;0&quot;,&quot;copyright&quot;:&quot;&quot;,&quot;focal_length&quot;:&quot;0&quot;,&quot;iso&quot;:&quot;0&quot;,&quot;shutter_speed&quot;:&quot;0&quot;,&quot;title&quot;:&quot;&quot;,&quot;orientation&quot;:&quot;0&quot;}\" data-image-title=\"pantalonero-11-perchas-extraccion-total\" data-image-description=\"\" data-image-caption=\"\" data-medium-file=\"https:\/\/i0.wp.com\/verduweb.com\/blog\/wp-content\/uploads\/2020\/11\/pantalonero-11-perchas-extraccion-total.jpg?fit=300%2C300&amp;ssl=1\" data-large-file=\"https:\/\/i0.wp.com\/verduweb.com\/blog\/wp-content\/uploads\/2020\/11\/pantalonero-11-perchas-extraccion-total.jpg?fit=520%2C520&amp;ssl=1\" src=\"https:\/\/i0.wp.com\/verduweb.com\/blog\/wp-content\/uploads\/2020\/11\/pantalonero-11-perchas-extraccion-total.jpg?resize=520%2C520&#038;ssl=1\" alt=\"\" data-id=\"6084\" data-full-url=\"https:\/\/verduweb.com\/blog\/wp-content\/uploads\/2020\/11\/pantalonero-11-perchas-extraccion-total.jpg\" data-link=\"https:\/\/verduweb.com\/blog\/?attachment_id=6084\" class=\"wp-image-6084\" srcset=\"https:\/\/i0.wp.com\/verduweb.com\/blog\/wp-content\/uploads\/2020\/11\/pantalonero-11-perchas-extraccion-total.jpg?w=520&amp;ssl=1 520w, https:\/\/i0.wp.com\/verduweb.com\/blog\/wp-content\/uploads\/2020\/11\/pantalonero-11-perchas-extraccion-total.jpg?resize=300%2C300&amp;ssl=1 300w, https:\/\/i0.wp.com\/verduweb.com\/blog\/wp-content\/uploads\/2020\/11\/pantalonero-11-perchas-extraccion-total.jpg?resize=150%2C150&amp;ssl=1 150w, https:\/\/i0.wp.com\/verduweb.com\/blog\/wp-content\/uploads\/2020\/11\/pantalonero-11-perchas-extraccion-total.jpg?resize=80%2C80&amp;ssl=1 80w, https:\/\/i0.wp.com\/verduweb.com\/blog\/wp-content\/uploads\/2020\/11\/pantalonero-11-perchas-extraccion-total.jpg?resize=320%2C320&amp;ssl=1 320w\" sizes=\"auto, (max-width: 520px) 100vw, 520px\" \/><\/figure><\/li><\/ul><\/figure>\n\n\n\n<p>Herraje para armario sencillo de usar y muy c\u00f3modo, el <a href=\"https:\/\/verduonlinestore.com\/interior-armario\/22951-pantalonero-11-perchas-extraccion-total-8434824007549.html\">pantalonero extra\u00edble<\/a> viene en dos acabados: cromo y mocca. Posee una gu\u00eda de bolas para que pueda ser extra\u00eddo f\u00e1cilmente y 11 perchas para poder cargar sin problema alguno de capacidad o peso m\u00e1s de 10 pantalones. Su novedoso acabado en mocca cumple con las nuevas tendencias de <a href=\"https:\/\/verduonlinestore.com\/100211-interior-armario\">interior de armario<\/a>.<\/p>\n\n\n\n<h3 class=\"wp-block-heading\"><strong>Pantalonero doble extra\u00edble 20 perchas<\/strong><\/h3>\n\n\n\n<figure class=\"wp-block-gallery columns-2 is-cropped wp-block-gallery-5 is-layout-flex wp-block-gallery-is-layout-flex\"><ul class=\"blocks-gallery-grid\"><li class=\"blocks-gallery-item\"><figure><img data-recalc-dims=\"1\" loading=\"lazy\" decoding=\"async\" width=\"520\" height=\"520\" data-attachment-id=\"6085\" data-permalink=\"https:\/\/verduweb.com\/blog\/coleccion-de-armario-serie-optima\/pantalonero-doble-extraible-serie-optima-20-perchas-acabado-cromo\/\" data-orig-file=\"https:\/\/i0.wp.com\/verduweb.com\/blog\/wp-content\/uploads\/2020\/11\/pantalonero-doble-extraible-serie-optima-20-perchas-acabado-cromo.jpg?fit=520%2C520&amp;ssl=1\" data-orig-size=\"520,520\" data-comments-opened=\"1\" data-image-meta=\"{&quot;aperture&quot;:&quot;0&quot;,&quot;credit&quot;:&quot;&quot;,&quot;camera&quot;:&quot;&quot;,&quot;caption&quot;:&quot;&quot;,&quot;created_timestamp&quot;:&quot;0&quot;,&quot;copyright&quot;:&quot;&quot;,&quot;focal_length&quot;:&quot;0&quot;,&quot;iso&quot;:&quot;0&quot;,&quot;shutter_speed&quot;:&quot;0&quot;,&quot;title&quot;:&quot;&quot;,&quot;orientation&quot;:&quot;0&quot;}\" data-image-title=\"pantalonero-doble-extraible-serie-optima-20-perchas-acabado-cromo\" data-image-description=\"\" data-image-caption=\"\" data-medium-file=\"https:\/\/i0.wp.com\/verduweb.com\/blog\/wp-content\/uploads\/2020\/11\/pantalonero-doble-extraible-serie-optima-20-perchas-acabado-cromo.jpg?fit=300%2C300&amp;ssl=1\" data-large-file=\"https:\/\/i0.wp.com\/verduweb.com\/blog\/wp-content\/uploads\/2020\/11\/pantalonero-doble-extraible-serie-optima-20-perchas-acabado-cromo.jpg?fit=520%2C520&amp;ssl=1\" src=\"https:\/\/i0.wp.com\/verduweb.com\/blog\/wp-content\/uploads\/2020\/11\/pantalonero-doble-extraible-serie-optima-20-perchas-acabado-cromo.jpg?resize=520%2C520&#038;ssl=1\" alt=\"\" data-id=\"6085\" data-link=\"https:\/\/verduweb.com\/blog\/?attachment_id=6085\" class=\"wp-image-6085\" srcset=\"https:\/\/i0.wp.com\/verduweb.com\/blog\/wp-content\/uploads\/2020\/11\/pantalonero-doble-extraible-serie-optima-20-perchas-acabado-cromo.jpg?w=520&amp;ssl=1 520w, https:\/\/i0.wp.com\/verduweb.com\/blog\/wp-content\/uploads\/2020\/11\/pantalonero-doble-extraible-serie-optima-20-perchas-acabado-cromo.jpg?resize=300%2C300&amp;ssl=1 300w, https:\/\/i0.wp.com\/verduweb.com\/blog\/wp-content\/uploads\/2020\/11\/pantalonero-doble-extraible-serie-optima-20-perchas-acabado-cromo.jpg?resize=150%2C150&amp;ssl=1 150w, https:\/\/i0.wp.com\/verduweb.com\/blog\/wp-content\/uploads\/2020\/11\/pantalonero-doble-extraible-serie-optima-20-perchas-acabado-cromo.jpg?resize=80%2C80&amp;ssl=1 80w, https:\/\/i0.wp.com\/verduweb.com\/blog\/wp-content\/uploads\/2020\/11\/pantalonero-doble-extraible-serie-optima-20-perchas-acabado-cromo.jpg?resize=320%2C320&amp;ssl=1 320w\" sizes=\"auto, (max-width: 520px) 100vw, 520px\" \/><\/figure><\/li><li class=\"blocks-gallery-item\"><figure><img data-recalc-dims=\"1\" loading=\"lazy\" decoding=\"async\" width=\"520\" height=\"520\" data-attachment-id=\"6086\" data-permalink=\"https:\/\/verduweb.com\/blog\/coleccion-de-armario-serie-optima\/pantalonero-doble-extraible-serie-optima-20-perchas-acabado-cromo-1\/\" data-orig-file=\"https:\/\/i0.wp.com\/verduweb.com\/blog\/wp-content\/uploads\/2020\/11\/pantalonero-doble-extraible-serie-optima-20-perchas-acabado-cromo-1.jpg?fit=520%2C520&amp;ssl=1\" data-orig-size=\"520,520\" data-comments-opened=\"1\" data-image-meta=\"{&quot;aperture&quot;:&quot;0&quot;,&quot;credit&quot;:&quot;&quot;,&quot;camera&quot;:&quot;&quot;,&quot;caption&quot;:&quot;&quot;,&quot;created_timestamp&quot;:&quot;0&quot;,&quot;copyright&quot;:&quot;&quot;,&quot;focal_length&quot;:&quot;0&quot;,&quot;iso&quot;:&quot;0&quot;,&quot;shutter_speed&quot;:&quot;0&quot;,&quot;title&quot;:&quot;&quot;,&quot;orientation&quot;:&quot;0&quot;}\" data-image-title=\"pantalonero-doble-extraible-serie-optima-20-perchas-acabado-cromo-1\" data-image-description=\"\" data-image-caption=\"\" data-medium-file=\"https:\/\/i0.wp.com\/verduweb.com\/blog\/wp-content\/uploads\/2020\/11\/pantalonero-doble-extraible-serie-optima-20-perchas-acabado-cromo-1.jpg?fit=300%2C300&amp;ssl=1\" data-large-file=\"https:\/\/i0.wp.com\/verduweb.com\/blog\/wp-content\/uploads\/2020\/11\/pantalonero-doble-extraible-serie-optima-20-perchas-acabado-cromo-1.jpg?fit=520%2C520&amp;ssl=1\" src=\"https:\/\/i0.wp.com\/verduweb.com\/blog\/wp-content\/uploads\/2020\/11\/pantalonero-doble-extraible-serie-optima-20-perchas-acabado-cromo-1.jpg?resize=520%2C520&#038;ssl=1\" alt=\"\" data-id=\"6086\" data-full-url=\"https:\/\/verduweb.com\/blog\/wp-content\/uploads\/2020\/11\/pantalonero-doble-extraible-serie-optima-20-perchas-acabado-cromo-1.jpg\" data-link=\"https:\/\/verduweb.com\/blog\/?attachment_id=6086\" class=\"wp-image-6086\" srcset=\"https:\/\/i0.wp.com\/verduweb.com\/blog\/wp-content\/uploads\/2020\/11\/pantalonero-doble-extraible-serie-optima-20-perchas-acabado-cromo-1.jpg?w=520&amp;ssl=1 520w, https:\/\/i0.wp.com\/verduweb.com\/blog\/wp-content\/uploads\/2020\/11\/pantalonero-doble-extraible-serie-optima-20-perchas-acabado-cromo-1.jpg?resize=300%2C300&amp;ssl=1 300w, https:\/\/i0.wp.com\/verduweb.com\/blog\/wp-content\/uploads\/2020\/11\/pantalonero-doble-extraible-serie-optima-20-perchas-acabado-cromo-1.jpg?resize=150%2C150&amp;ssl=1 150w, https:\/\/i0.wp.com\/verduweb.com\/blog\/wp-content\/uploads\/2020\/11\/pantalonero-doble-extraible-serie-optima-20-perchas-acabado-cromo-1.jpg?resize=80%2C80&amp;ssl=1 80w, https:\/\/i0.wp.com\/verduweb.com\/blog\/wp-content\/uploads\/2020\/11\/pantalonero-doble-extraible-serie-optima-20-perchas-acabado-cromo-1.jpg?resize=320%2C320&amp;ssl=1 320w\" sizes=\"auto, (max-width: 520px) 100vw, 520px\" \/><\/figure><\/li><\/ul><\/figure>\n\n\n\n<p>Dise\u00f1ado para cargar pantalones exclusivamente, este <a href=\"https:\/\/verduonlinestore.com\/interior-armario\/23986-pantalonero-doble-extraible-serie-optima-20-perchas-acabado-cromo-8434824007570.html\">pantalonero doble<\/a> har\u00e1 que la capacidad de tu armario aumente al doble. Y es que su dise\u00f1o tipo antena cuenta con varillas a cada uno de sus lados por lo que podr\u00e1s colocar una gran cantidad de pantalones.<\/p>\n\n\n\n<p>Con un dise\u00f1o reforzado, este pantalonero Serie \u00d3ptima soportar\u00e1 muy bien el peso y mantendr\u00e1 toda tu ropa organizada. Construido en acero y con un acabado brillante, este pantalonero es ideal para cualquier tipo de armario. Por si fuera poco, al igual que otros <a href=\"https:\/\/verduonlinestore.com\/10021-herrajes-y-accesorios-armario\">accesorios y herrajes de armario<\/a>, su montaje es muy f\u00e1cil.<\/p>\n\n\n\n<h3 class=\"wp-block-heading\"><strong>Espejo extra\u00edble<\/strong><\/h3>\n\n\n\n<figure class=\"wp-block-gallery columns-2 is-cropped wp-block-gallery-6 is-layout-flex wp-block-gallery-is-layout-flex\"><ul class=\"blocks-gallery-grid\"><li class=\"blocks-gallery-item\"><figure><img data-recalc-dims=\"1\" loading=\"lazy\" decoding=\"async\" width=\"520\" height=\"520\" data-attachment-id=\"6089\" data-permalink=\"https:\/\/verduweb.com\/blog\/coleccion-de-armario-serie-optima\/espejo-extraible-acabado-plata-mate\/\" data-orig-file=\"https:\/\/i0.wp.com\/verduweb.com\/blog\/wp-content\/uploads\/2020\/11\/espejo-extraible-acabado-plata-mate.jpg?fit=520%2C520&amp;ssl=1\" data-orig-size=\"520,520\" data-comments-opened=\"1\" data-image-meta=\"{&quot;aperture&quot;:&quot;0&quot;,&quot;credit&quot;:&quot;&quot;,&quot;camera&quot;:&quot;&quot;,&quot;caption&quot;:&quot;&quot;,&quot;created_timestamp&quot;:&quot;0&quot;,&quot;copyright&quot;:&quot;&quot;,&quot;focal_length&quot;:&quot;0&quot;,&quot;iso&quot;:&quot;0&quot;,&quot;shutter_speed&quot;:&quot;0&quot;,&quot;title&quot;:&quot;&quot;,&quot;orientation&quot;:&quot;0&quot;}\" data-image-title=\"espejo-extraible-acabado-plata-mate\" data-image-description=\"\" data-image-caption=\"\" data-medium-file=\"https:\/\/i0.wp.com\/verduweb.com\/blog\/wp-content\/uploads\/2020\/11\/espejo-extraible-acabado-plata-mate.jpg?fit=300%2C300&amp;ssl=1\" data-large-file=\"https:\/\/i0.wp.com\/verduweb.com\/blog\/wp-content\/uploads\/2020\/11\/espejo-extraible-acabado-plata-mate.jpg?fit=520%2C520&amp;ssl=1\" src=\"https:\/\/i0.wp.com\/verduweb.com\/blog\/wp-content\/uploads\/2020\/11\/espejo-extraible-acabado-plata-mate.jpg?resize=520%2C520&#038;ssl=1\" alt=\"\" data-id=\"6089\" data-link=\"https:\/\/verduweb.com\/blog\/?attachment_id=6089\" class=\"wp-image-6089\" srcset=\"https:\/\/i0.wp.com\/verduweb.com\/blog\/wp-content\/uploads\/2020\/11\/espejo-extraible-acabado-plata-mate.jpg?w=520&amp;ssl=1 520w, https:\/\/i0.wp.com\/verduweb.com\/blog\/wp-content\/uploads\/2020\/11\/espejo-extraible-acabado-plata-mate.jpg?resize=300%2C300&amp;ssl=1 300w, https:\/\/i0.wp.com\/verduweb.com\/blog\/wp-content\/uploads\/2020\/11\/espejo-extraible-acabado-plata-mate.jpg?resize=150%2C150&amp;ssl=1 150w, https:\/\/i0.wp.com\/verduweb.com\/blog\/wp-content\/uploads\/2020\/11\/espejo-extraible-acabado-plata-mate.jpg?resize=80%2C80&amp;ssl=1 80w, https:\/\/i0.wp.com\/verduweb.com\/blog\/wp-content\/uploads\/2020\/11\/espejo-extraible-acabado-plata-mate.jpg?resize=320%2C320&amp;ssl=1 320w\" sizes=\"auto, (max-width: 520px) 100vw, 520px\" \/><\/figure><\/li><li class=\"blocks-gallery-item\"><figure><img data-recalc-dims=\"1\" loading=\"lazy\" decoding=\"async\" width=\"520\" height=\"520\" data-attachment-id=\"6090\" data-permalink=\"https:\/\/verduweb.com\/blog\/coleccion-de-armario-serie-optima\/espejo-extraible-acabado-plata-mate-1\/\" data-orig-file=\"https:\/\/i0.wp.com\/verduweb.com\/blog\/wp-content\/uploads\/2020\/11\/espejo-extraible-acabado-plata-mate-1.jpg?fit=520%2C520&amp;ssl=1\" data-orig-size=\"520,520\" data-comments-opened=\"1\" data-image-meta=\"{&quot;aperture&quot;:&quot;0&quot;,&quot;credit&quot;:&quot;&quot;,&quot;camera&quot;:&quot;&quot;,&quot;caption&quot;:&quot;&quot;,&quot;created_timestamp&quot;:&quot;0&quot;,&quot;copyright&quot;:&quot;&quot;,&quot;focal_length&quot;:&quot;0&quot;,&quot;iso&quot;:&quot;0&quot;,&quot;shutter_speed&quot;:&quot;0&quot;,&quot;title&quot;:&quot;&quot;,&quot;orientation&quot;:&quot;0&quot;}\" data-image-title=\"espejo-extraible-acabado-plata-mate-1\" data-image-description=\"\" data-image-caption=\"\" data-medium-file=\"https:\/\/i0.wp.com\/verduweb.com\/blog\/wp-content\/uploads\/2020\/11\/espejo-extraible-acabado-plata-mate-1.jpg?fit=300%2C300&amp;ssl=1\" data-large-file=\"https:\/\/i0.wp.com\/verduweb.com\/blog\/wp-content\/uploads\/2020\/11\/espejo-extraible-acabado-plata-mate-1.jpg?fit=520%2C520&amp;ssl=1\" src=\"https:\/\/i0.wp.com\/verduweb.com\/blog\/wp-content\/uploads\/2020\/11\/espejo-extraible-acabado-plata-mate-1.jpg?resize=520%2C520&#038;ssl=1\" alt=\"\" data-id=\"6090\" data-full-url=\"https:\/\/verduweb.com\/blog\/wp-content\/uploads\/2020\/11\/espejo-extraible-acabado-plata-mate-1.jpg\" data-link=\"https:\/\/verduweb.com\/blog\/?attachment_id=6090\" class=\"wp-image-6090\" srcset=\"https:\/\/i0.wp.com\/verduweb.com\/blog\/wp-content\/uploads\/2020\/11\/espejo-extraible-acabado-plata-mate-1.jpg?w=520&amp;ssl=1 520w, https:\/\/i0.wp.com\/verduweb.com\/blog\/wp-content\/uploads\/2020\/11\/espejo-extraible-acabado-plata-mate-1.jpg?resize=300%2C300&amp;ssl=1 300w, https:\/\/i0.wp.com\/verduweb.com\/blog\/wp-content\/uploads\/2020\/11\/espejo-extraible-acabado-plata-mate-1.jpg?resize=150%2C150&amp;ssl=1 150w, https:\/\/i0.wp.com\/verduweb.com\/blog\/wp-content\/uploads\/2020\/11\/espejo-extraible-acabado-plata-mate-1.jpg?resize=80%2C80&amp;ssl=1 80w, https:\/\/i0.wp.com\/verduweb.com\/blog\/wp-content\/uploads\/2020\/11\/espejo-extraible-acabado-plata-mate-1.jpg?resize=320%2C320&amp;ssl=1 320w\" sizes=\"auto, (max-width: 520px) 100vw, 520px\" \/><\/figure><\/li><\/ul><\/figure>\n\n\n\n<p>Uno de los complementos de armario que m\u00e1s se est\u00e1 usando en 2021 es el <a href=\"https:\/\/verduonlinestore.com\/interior-armario\/23288-espejo-extraible-acabado-plata-mate-8434824007587.html\">espejo extra\u00edble de armario<\/a>. El espejo se extrae de dentro del armario por medio de dos gu\u00edas colocadas arriba y abajo del espejo. De esta forma, solamente con tirar de este se puede disponer de un espejo en la habitaci\u00f3n sin que este ocupe espacio en ninguna pared. El mecanismo por medio de un par de gu\u00edas hace que sea muy f\u00e1cil sacarlo y guardarlo. Este se puede conseguir en <em>dos alturas distintas<\/em>: 100 y 120 cent\u00edmetros.<\/p>\n\n\n\n<h3 class=\"wp-block-heading\"><strong>Zapatero extra\u00edble<\/strong><\/h3>\n\n\n\n<figure class=\"wp-block-gallery columns-2 is-cropped wp-block-gallery-7 is-layout-flex wp-block-gallery-is-layout-flex\"><ul class=\"blocks-gallery-grid\"><li class=\"blocks-gallery-item\"><figure><img data-recalc-dims=\"1\" loading=\"lazy\" decoding=\"async\" width=\"520\" height=\"520\" data-attachment-id=\"6091\" data-permalink=\"https:\/\/verduweb.com\/blog\/coleccion-de-armario-serie-optima\/zapatero-extraible-y-extensible-optima-600-1000-cromo\/\" data-orig-file=\"https:\/\/i0.wp.com\/verduweb.com\/blog\/wp-content\/uploads\/2020\/11\/zapatero-extraible-y-extensible-optima-600-1000-cromo.jpg?fit=520%2C520&amp;ssl=1\" data-orig-size=\"520,520\" data-comments-opened=\"1\" data-image-meta=\"{&quot;aperture&quot;:&quot;0&quot;,&quot;credit&quot;:&quot;&quot;,&quot;camera&quot;:&quot;&quot;,&quot;caption&quot;:&quot;&quot;,&quot;created_timestamp&quot;:&quot;0&quot;,&quot;copyright&quot;:&quot;&quot;,&quot;focal_length&quot;:&quot;0&quot;,&quot;iso&quot;:&quot;0&quot;,&quot;shutter_speed&quot;:&quot;0&quot;,&quot;title&quot;:&quot;&quot;,&quot;orientation&quot;:&quot;0&quot;}\" data-image-title=\"zapatero-extraible-y-extensible-optima-600-1000-cromo\" data-image-description=\"\" data-image-caption=\"\" data-medium-file=\"https:\/\/i0.wp.com\/verduweb.com\/blog\/wp-content\/uploads\/2020\/11\/zapatero-extraible-y-extensible-optima-600-1000-cromo.jpg?fit=300%2C300&amp;ssl=1\" data-large-file=\"https:\/\/i0.wp.com\/verduweb.com\/blog\/wp-content\/uploads\/2020\/11\/zapatero-extraible-y-extensible-optima-600-1000-cromo.jpg?fit=520%2C520&amp;ssl=1\" src=\"https:\/\/i0.wp.com\/verduweb.com\/blog\/wp-content\/uploads\/2020\/11\/zapatero-extraible-y-extensible-optima-600-1000-cromo.jpg?resize=520%2C520&#038;ssl=1\" alt=\"\" data-id=\"6091\" data-link=\"https:\/\/verduweb.com\/blog\/?attachment_id=6091\" class=\"wp-image-6091\" srcset=\"https:\/\/i0.wp.com\/verduweb.com\/blog\/wp-content\/uploads\/2020\/11\/zapatero-extraible-y-extensible-optima-600-1000-cromo.jpg?w=520&amp;ssl=1 520w, https:\/\/i0.wp.com\/verduweb.com\/blog\/wp-content\/uploads\/2020\/11\/zapatero-extraible-y-extensible-optima-600-1000-cromo.jpg?resize=300%2C300&amp;ssl=1 300w, https:\/\/i0.wp.com\/verduweb.com\/blog\/wp-content\/uploads\/2020\/11\/zapatero-extraible-y-extensible-optima-600-1000-cromo.jpg?resize=150%2C150&amp;ssl=1 150w, https:\/\/i0.wp.com\/verduweb.com\/blog\/wp-content\/uploads\/2020\/11\/zapatero-extraible-y-extensible-optima-600-1000-cromo.jpg?resize=80%2C80&amp;ssl=1 80w, https:\/\/i0.wp.com\/verduweb.com\/blog\/wp-content\/uploads\/2020\/11\/zapatero-extraible-y-extensible-optima-600-1000-cromo.jpg?resize=320%2C320&amp;ssl=1 320w\" sizes=\"auto, (max-width: 520px) 100vw, 520px\" \/><\/figure><\/li><li class=\"blocks-gallery-item\"><figure><img data-recalc-dims=\"1\" loading=\"lazy\" decoding=\"async\" width=\"520\" height=\"520\" data-attachment-id=\"6092\" data-permalink=\"https:\/\/verduweb.com\/blog\/coleccion-de-armario-serie-optima\/zapatero-extraible-y-extensible-optima-600-1000-cromo-1\/\" data-orig-file=\"https:\/\/i0.wp.com\/verduweb.com\/blog\/wp-content\/uploads\/2020\/11\/zapatero-extraible-y-extensible-optima-600-1000-cromo-1.jpg?fit=520%2C520&amp;ssl=1\" data-orig-size=\"520,520\" data-comments-opened=\"1\" data-image-meta=\"{&quot;aperture&quot;:&quot;0&quot;,&quot;credit&quot;:&quot;&quot;,&quot;camera&quot;:&quot;&quot;,&quot;caption&quot;:&quot;&quot;,&quot;created_timestamp&quot;:&quot;0&quot;,&quot;copyright&quot;:&quot;&quot;,&quot;focal_length&quot;:&quot;0&quot;,&quot;iso&quot;:&quot;0&quot;,&quot;shutter_speed&quot;:&quot;0&quot;,&quot;title&quot;:&quot;&quot;,&quot;orientation&quot;:&quot;0&quot;}\" data-image-title=\"zapatero-extraible-y-extensible-optima-600-1000-cromo-1\" data-image-description=\"\" data-image-caption=\"\" data-medium-file=\"https:\/\/i0.wp.com\/verduweb.com\/blog\/wp-content\/uploads\/2020\/11\/zapatero-extraible-y-extensible-optima-600-1000-cromo-1.jpg?fit=300%2C300&amp;ssl=1\" data-large-file=\"https:\/\/i0.wp.com\/verduweb.com\/blog\/wp-content\/uploads\/2020\/11\/zapatero-extraible-y-extensible-optima-600-1000-cromo-1.jpg?fit=520%2C520&amp;ssl=1\" src=\"https:\/\/i0.wp.com\/verduweb.com\/blog\/wp-content\/uploads\/2020\/11\/zapatero-extraible-y-extensible-optima-600-1000-cromo-1.jpg?resize=520%2C520&#038;ssl=1\" alt=\"\" data-id=\"6092\" data-full-url=\"https:\/\/verduweb.com\/blog\/wp-content\/uploads\/2020\/11\/zapatero-extraible-y-extensible-optima-600-1000-cromo-1.jpg\" data-link=\"https:\/\/verduweb.com\/blog\/?attachment_id=6092\" class=\"wp-image-6092\" srcset=\"https:\/\/i0.wp.com\/verduweb.com\/blog\/wp-content\/uploads\/2020\/11\/zapatero-extraible-y-extensible-optima-600-1000-cromo-1.jpg?w=520&amp;ssl=1 520w, https:\/\/i0.wp.com\/verduweb.com\/blog\/wp-content\/uploads\/2020\/11\/zapatero-extraible-y-extensible-optima-600-1000-cromo-1.jpg?resize=300%2C300&amp;ssl=1 300w, https:\/\/i0.wp.com\/verduweb.com\/blog\/wp-content\/uploads\/2020\/11\/zapatero-extraible-y-extensible-optima-600-1000-cromo-1.jpg?resize=150%2C150&amp;ssl=1 150w, https:\/\/i0.wp.com\/verduweb.com\/blog\/wp-content\/uploads\/2020\/11\/zapatero-extraible-y-extensible-optima-600-1000-cromo-1.jpg?resize=80%2C80&amp;ssl=1 80w, https:\/\/i0.wp.com\/verduweb.com\/blog\/wp-content\/uploads\/2020\/11\/zapatero-extraible-y-extensible-optima-600-1000-cromo-1.jpg?resize=320%2C320&amp;ssl=1 320w\" sizes=\"auto, (max-width: 520px) 100vw, 520px\" \/><\/figure><\/li><\/ul><\/figure>\n\n\n\n<p>Herraje para muebles ideal para poder acceder a los zapatos c\u00f3modamente, as\u00ed como guardarlos ordenadamente dentro de un armario. Este <a href=\"https:\/\/verduonlinestore.com\/interior-armario\/23297-zapatero-extraible-y-extensible-optima-600-1000-cromo-8434824007518.html\">zapatero extra\u00edble y extensible<\/a> posee dos filas para poder albergar una mayor capacidad de zapatos aprovechando el m\u00e1ximo espacio posible. Las gu\u00edas que se colocan a ambos laterales del zapatero consiguen que se pueda extraer muy suavemente, adem\u00e1s de poseer un cierre amortiguado al meterlo devuelta en el armario.<\/p>\n\n\n\n<h2 class=\"has-text-align-center wp-block-heading\"><strong>Importancia de los herrajes para muebles eficientes<\/strong><\/h2>\n\n\n\n<p>Uno de los cambios m\u00e1s importantes que podemos encontrar en el mercado es la reducci\u00f3n de espacios. Solo basta con ver c\u00f3mo los pisos, casas y construcci\u00f3n son cada vez mucho m\u00e1s peque\u00f1as, lo que hace que los muebles tambi\u00e9n tengan que serlo.<\/p>\n\n\n\n<p>Aqu\u00ed te contaremos 3 razones por las que los <a href=\"https:\/\/verduonlinestore.com\/10-herrajes-para-muebles\">herrajes para muebles<\/a> eficientes son tan importantes:<\/p>\n\n\n\n<ul class=\"wp-block-list\"><li><strong>Ahorrar espacio: <\/strong>Como ya te contamos, los espacios cada vez son m\u00e1s peque\u00f1os es por eso que los herrajes deben adaptarse a la nueva generaci\u00f3n de muebles, la cual est\u00e1 enfocada en ser mucho m\u00e1s eficientes y tambi\u00e9n compactos.<\/li><li><strong>Uso optimizado: <\/strong>Para aprovechar mejor los espacios, hoy en d\u00eda los herrajes para muebles eficientes nos dan la posibilidad de abrir las puertas en todo tipo de direcciones. Esto hace que sean ideales para adaptar muebles a lugares reducidos y as\u00ed aprovechar al m\u00e1ximo todo nuestro espacio.<\/li><li><strong>Nuevos estilos:<\/strong> Adem\u00e1s, la creaci\u00f3n de herrajes de nueva generaci\u00f3n para espacios peque\u00f1os permiti\u00f3 crear nuevos estilos de muebles, con dise\u00f1os mucho m\u00e1s innovadores y capaces de adaptarse a cualquier entorno. Para muchos, este cambio es una se\u00f1al de como la innovaci\u00f3n ha llegado incluso al dise\u00f1o de muebles y herrajes.<\/li><\/ul>\n\n\n\n<h2 class=\"has-text-align-center wp-block-heading\"><strong>\u00bfTienes un piso peque\u00f1o?<\/strong><\/h2>\n\n\n\n<p>Si tienes un piso peque\u00f1o, debes saber que hay accesorios o herrajes que har\u00e1n que el espacio reducido sea cosa del pasado. Y es que, con tan solo a\u00f1adirlos a tu armario, podr\u00e1s aprovechar al m\u00e1ximo tu espacio para guardar muchas m\u00e1s cosas en un solo espacio.<\/p>\n\n\n\n<p>Desde percheros extensibles hasta tablas para planchar son algunas de las opciones que podr\u00e1s encontrar para aprovechar al m\u00e1ximo tus espacios. Aunque de todos los modelos en el mercado, hay una l\u00ednea de productos que realmente destaca sobre el resto de opciones, la Colecci\u00f3n de armario Serie \u00d3ptima.<\/p>\n","protected":false},"excerpt":{"rendered":"<p>Los herrajes para muebles son una parte fundamental en nuestro d\u00eda a d\u00eda. Casi sin darnos cuenta, nos topamos constantemente con ellos al cruzar puertas, abrir armarios y cerrar cajones.&#46;&#46;&#46;<\/p>\n","protected":false},"author":11,"featured_media":6095,"comment_status":"open","ping_status":"open","sticky":false,"template":"","format":"standard","meta":{"_monsterinsights_skip_tracking":false,"_monsterinsights_sitenote_active":false,"_monsterinsights_sitenote_note":"","_monsterinsights_sitenote_category":0,"jetpack_post_was_ever_published":false,"_jetpack_newsletter_access":"","_jetpack_dont_email_post_to_subs":false,"_jetpack_newsletter_tier_id":0,"_jetpack_memberships_contains_paywalled_content":false,"_jetpack_memberships_contains_paid_content":false,"footnotes":"","jetpack_publicize_message":"","jetpack_publicize_feature_enabled":true,"jetpack_social_post_already_shared":true,"jetpack_social_options":{"image_generator_settings":{"template":"highway","default_image_id":0,"font":"","enabled":false},"version":2}},"categories":[146,150],"tags":[394,393],"class_list":["post-6069","post","type-post","status-publish","format-standard","has-post-thumbnail","hentry","category-general","category-herrajes","tag-accesorios-para-armario","tag-herrajes-para-armario"],"yoast_head":"<!-- This site is optimized with the Yoast SEO plugin v27.1.1 - https:\/\/yoast.com\/product\/yoast-seo-wordpress\/ -->\n<title>\u25b7 Colecci\u00f3n de armario Serie \u00d3ptima &#8226; Verd\u00fa Blog<\/title>\n<meta name=\"description\" content=\"La colecci\u00f3n de acessorios para armario m\u00e1s completa de 2020 y 2021 \u2705 Aqu\u00ed encontrar\u00e1s pantaloneros, zapateros, perchas y mucho m\u00e1s.\" \/>\n<meta name=\"robots\" content=\"index, follow, max-snippet:-1, max-image-preview:large, max-video-preview:-1\" \/>\n<link rel=\"canonical\" href=\"https:\/\/verduweb.com\/blog\/coleccion-de-armario-serie-optima\/\" \/>\n<meta property=\"og:locale\" content=\"es_ES\" \/>\n<meta property=\"og:type\" content=\"article\" \/>\n<meta property=\"og:title\" content=\"\u25b7 Colecci\u00f3n de armario Serie \u00d3ptima &#8226; Verd\u00fa Blog\" \/>\n<meta property=\"og:description\" content=\"La colecci\u00f3n de acessorios para armario m\u00e1s completa de 2020 y 2021 \u2705 Aqu\u00ed encontrar\u00e1s pantaloneros, zapateros, perchas y mucho m\u00e1s.\" \/>\n<meta property=\"og:url\" content=\"https:\/\/verduweb.com\/blog\/coleccion-de-armario-serie-optima\/\" \/>\n<meta property=\"og:site_name\" content=\"Verd\u00fa Blog\" \/>\n<meta property=\"article:publisher\" content=\"https:\/\/www.facebook.com\/Verdustore\" \/>\n<meta property=\"article:published_time\" content=\"2020-11-03T15:57:26+00:00\" \/>\n<meta property=\"article:modified_time\" content=\"2021-06-22T10:05:36+00:00\" \/>\n<meta property=\"og:image\" content=\"https:\/\/verduweb.com\/blog\/wp-content\/uploads\/2020\/11\/coleccion-s.jpg\" \/>\n\t<meta property=\"og:image:width\" content=\"2000\" \/>\n\t<meta property=\"og:image:height\" content=\"1600\" \/>\n\t<meta property=\"og:image:type\" content=\"image\/jpeg\" \/>\n<meta name=\"author\" content=\"Antonio\" \/>\n<meta name=\"twitter:card\" content=\"summary_large_image\" \/>\n<meta name=\"twitter:creator\" content=\"@VerduStore\" \/>\n<meta name=\"twitter:site\" content=\"@VerduStore\" \/>\n<meta name=\"twitter:label1\" content=\"Escrito por\" \/>\n\t<meta name=\"twitter:data1\" content=\"Antonio\" \/>\n\t<meta name=\"twitter:label2\" content=\"Tiempo de lectura\" \/>\n\t<meta name=\"twitter:data2\" content=\"9 minutos\" \/>\n<script type=\"application\/ld+json\" class=\"yoast-schema-graph\">{\"@context\":\"https:\/\/schema.org\",\"@graph\":[{\"@type\":\"Article\",\"@id\":\"https:\/\/verduweb.com\/blog\/coleccion-de-armario-serie-optima\/#article\",\"isPartOf\":{\"@id\":\"https:\/\/verduweb.com\/blog\/coleccion-de-armario-serie-optima\/\"},\"author\":{\"name\":\"Antonio\",\"@id\":\"https:\/\/verduweb.com\/blog\/#\/schema\/person\/703e904ae580e8e30be28be42d880b4a\"},\"headline\":\"Colecci\u00f3n de armario Serie \u00d3ptima\",\"datePublished\":\"2020-11-03T15:57:26+00:00\",\"dateModified\":\"2021-06-22T10:05:36+00:00\",\"mainEntityOfPage\":{\"@id\":\"https:\/\/verduweb.com\/blog\/coleccion-de-armario-serie-optima\/\"},\"wordCount\":1261,\"commentCount\":1,\"publisher\":{\"@id\":\"https:\/\/verduweb.com\/blog\/#organization\"},\"image\":{\"@id\":\"https:\/\/verduweb.com\/blog\/coleccion-de-armario-serie-optima\/#primaryimage\"},\"thumbnailUrl\":\"https:\/\/i0.wp.com\/verduweb.com\/blog\/wp-content\/uploads\/2020\/11\/coleccion-s.jpg?fit=2000%2C1600&ssl=1\",\"keywords\":[\"Accesorios para armario\",\"Herrajes para armario\"],\"articleSection\":[\"General\",\"Herrajes\"],\"inLanguage\":\"es\",\"potentialAction\":[{\"@type\":\"CommentAction\",\"name\":\"Comment\",\"target\":[\"https:\/\/verduweb.com\/blog\/coleccion-de-armario-serie-optima\/#respond\"]}]},{\"@type\":\"WebPage\",\"@id\":\"https:\/\/verduweb.com\/blog\/coleccion-de-armario-serie-optima\/\",\"url\":\"https:\/\/verduweb.com\/blog\/coleccion-de-armario-serie-optima\/\",\"name\":\"\u25b7 Colecci\u00f3n de armario Serie \u00d3ptima &#8226; Verd\u00fa Blog\",\"isPartOf\":{\"@id\":\"https:\/\/verduweb.com\/blog\/#website\"},\"primaryImageOfPage\":{\"@id\":\"https:\/\/verduweb.com\/blog\/coleccion-de-armario-serie-optima\/#primaryimage\"},\"image\":{\"@id\":\"https:\/\/verduweb.com\/blog\/coleccion-de-armario-serie-optima\/#primaryimage\"},\"thumbnailUrl\":\"https:\/\/i0.wp.com\/verduweb.com\/blog\/wp-content\/uploads\/2020\/11\/coleccion-s.jpg?fit=2000%2C1600&ssl=1\",\"datePublished\":\"2020-11-03T15:57:26+00:00\",\"dateModified\":\"2021-06-22T10:05:36+00:00\",\"description\":\"La colecci\u00f3n de acessorios para armario m\u00e1s completa de 2020 y 2021 \u2705 Aqu\u00ed encontrar\u00e1s pantaloneros, zapateros, perchas y mucho m\u00e1s.\",\"breadcrumb\":{\"@id\":\"https:\/\/verduweb.com\/blog\/coleccion-de-armario-serie-optima\/#breadcrumb\"},\"inLanguage\":\"es\",\"potentialAction\":[{\"@type\":\"ReadAction\",\"target\":[\"https:\/\/verduweb.com\/blog\/coleccion-de-armario-serie-optima\/\"]}]},{\"@type\":\"ImageObject\",\"inLanguage\":\"es\",\"@id\":\"https:\/\/verduweb.com\/blog\/coleccion-de-armario-serie-optima\/#primaryimage\",\"url\":\"https:\/\/i0.wp.com\/verduweb.com\/blog\/wp-content\/uploads\/2020\/11\/coleccion-s.jpg?fit=2000%2C1600&ssl=1\",\"contentUrl\":\"https:\/\/i0.wp.com\/verduweb.com\/blog\/wp-content\/uploads\/2020\/11\/coleccion-s.jpg?fit=2000%2C1600&ssl=1\",\"width\":2000,\"height\":1600,\"caption\":\"herrajes para armario\"},{\"@type\":\"BreadcrumbList\",\"@id\":\"https:\/\/verduweb.com\/blog\/coleccion-de-armario-serie-optima\/#breadcrumb\",\"itemListElement\":[{\"@type\":\"ListItem\",\"position\":1,\"name\":\"Portada\",\"item\":\"https:\/\/verduweb.com\/blog\/\"},{\"@type\":\"ListItem\",\"position\":2,\"name\":\"Colecci\u00f3n de armario Serie \u00d3ptima\"}]},{\"@type\":\"WebSite\",\"@id\":\"https:\/\/verduweb.com\/blog\/#website\",\"url\":\"https:\/\/verduweb.com\/blog\/\",\"name\":\"Verd\u00fa Blog\",\"description\":\"Espacio dedicado al profesional del mueble: noticias y consejos del sector\",\"publisher\":{\"@id\":\"https:\/\/verduweb.com\/blog\/#organization\"},\"potentialAction\":[{\"@type\":\"SearchAction\",\"target\":{\"@type\":\"EntryPoint\",\"urlTemplate\":\"https:\/\/verduweb.com\/blog\/?s={search_term_string}\"},\"query-input\":{\"@type\":\"PropertyValueSpecification\",\"valueRequired\":true,\"valueName\":\"search_term_string\"}}],\"inLanguage\":\"es\"},{\"@type\":\"Organization\",\"@id\":\"https:\/\/verduweb.com\/blog\/#organization\",\"name\":\"Ferreter\u00eda Verd\u00fa Online\",\"url\":\"https:\/\/verduweb.com\/blog\/\",\"logo\":{\"@type\":\"ImageObject\",\"inLanguage\":\"es\",\"@id\":\"https:\/\/verduweb.com\/blog\/#\/schema\/logo\/image\/\",\"url\":\"https:\/\/i0.wp.com\/verduweb.com\/blog\/wp-content\/uploads\/2019\/04\/logo-verdublog.png?fit=350%2C60&ssl=1\",\"contentUrl\":\"https:\/\/i0.wp.com\/verduweb.com\/blog\/wp-content\/uploads\/2019\/04\/logo-verdublog.png?fit=350%2C60&ssl=1\",\"width\":350,\"height\":60,\"caption\":\"Ferreter\u00eda Verd\u00fa Online\"},\"image\":{\"@id\":\"https:\/\/verduweb.com\/blog\/#\/schema\/logo\/image\/\"},\"sameAs\":[\"https:\/\/www.facebook.com\/Verdustore\",\"https:\/\/x.com\/VerduStore\",\"https:\/\/www.instagram.com\/verdustore.es\",\"https:\/\/www.linkedin.com\/company\/2778584\",\"https:\/\/www.pinterest.com\/verduonline\/\",\"http:\/\/www.youtube.com\/user\/verduonline\"]},{\"@type\":\"Person\",\"@id\":\"https:\/\/verduweb.com\/blog\/#\/schema\/person\/703e904ae580e8e30be28be42d880b4a\",\"name\":\"Antonio\",\"image\":{\"@type\":\"ImageObject\",\"inLanguage\":\"es\",\"@id\":\"https:\/\/verduweb.com\/blog\/#\/schema\/person\/image\/\",\"url\":\"https:\/\/secure.gravatar.com\/avatar\/7ce3a02b947f85e1e5b3fa051ad21434ee288ff825c7d5d4d0aaa6c07ed6a850?s=96&d=blank&r=g\",\"contentUrl\":\"https:\/\/secure.gravatar.com\/avatar\/7ce3a02b947f85e1e5b3fa051ad21434ee288ff825c7d5d4d0aaa6c07ed6a850?s=96&d=blank&r=g\",\"caption\":\"Antonio\"},\"url\":\"https:\/\/verduweb.com\/blog\/author\/antonio\/\"}]}<\/script>\n<!-- \/ Yoast SEO plugin. -->","yoast_head_json":{"title":"\u25b7 Colecci\u00f3n de armario Serie \u00d3ptima &#8226; Verd\u00fa Blog","description":"La colecci\u00f3n de acessorios para armario m\u00e1s completa de 2020 y 2021 \u2705 Aqu\u00ed encontrar\u00e1s pantaloneros, zapateros, perchas y mucho m\u00e1s.","robots":{"index":"index","follow":"follow","max-snippet":"max-snippet:-1","max-image-preview":"max-image-preview:large","max-video-preview":"max-video-preview:-1"},"canonical":"https:\/\/verduweb.com\/blog\/coleccion-de-armario-serie-optima\/","og_locale":"es_ES","og_type":"article","og_title":"\u25b7 Colecci\u00f3n de armario Serie \u00d3ptima &#8226; Verd\u00fa Blog","og_description":"La colecci\u00f3n de acessorios para armario m\u00e1s completa de 2020 y 2021 \u2705 Aqu\u00ed encontrar\u00e1s pantaloneros, zapateros, perchas y mucho m\u00e1s.","og_url":"https:\/\/verduweb.com\/blog\/coleccion-de-armario-serie-optima\/","og_site_name":"Verd\u00fa Blog","article_publisher":"https:\/\/www.facebook.com\/Verdustore","article_published_time":"2020-11-03T15:57:26+00:00","article_modified_time":"2021-06-22T10:05:36+00:00","og_image":[{"width":2000,"height":1600,"url":"https:\/\/verduweb.com\/blog\/wp-content\/uploads\/2020\/11\/coleccion-s.jpg","type":"image\/jpeg"}],"author":"Antonio","twitter_card":"summary_large_image","twitter_creator":"@VerduStore","twitter_site":"@VerduStore","twitter_misc":{"Escrito por":"Antonio","Tiempo de lectura":"9 minutos"},"schema":{"@context":"https:\/\/schema.org","@graph":[{"@type":"Article","@id":"https:\/\/verduweb.com\/blog\/coleccion-de-armario-serie-optima\/#article","isPartOf":{"@id":"https:\/\/verduweb.com\/blog\/coleccion-de-armario-serie-optima\/"},"author":{"name":"Antonio","@id":"https:\/\/verduweb.com\/blog\/#\/schema\/person\/703e904ae580e8e30be28be42d880b4a"},"headline":"Colecci\u00f3n de armario Serie \u00d3ptima","datePublished":"2020-11-03T15:57:26+00:00","dateModified":"2021-06-22T10:05:36+00:00","mainEntityOfPage":{"@id":"https:\/\/verduweb.com\/blog\/coleccion-de-armario-serie-optima\/"},"wordCount":1261,"commentCount":1,"publisher":{"@id":"https:\/\/verduweb.com\/blog\/#organization"},"image":{"@id":"https:\/\/verduweb.com\/blog\/coleccion-de-armario-serie-optima\/#primaryimage"},"thumbnailUrl":"https:\/\/i0.wp.com\/verduweb.com\/blog\/wp-content\/uploads\/2020\/11\/coleccion-s.jpg?fit=2000%2C1600&ssl=1","keywords":["Accesorios para armario","Herrajes para armario"],"articleSection":["General","Herrajes"],"inLanguage":"es","potentialAction":[{"@type":"CommentAction","name":"Comment","target":["https:\/\/verduweb.com\/blog\/coleccion-de-armario-serie-optima\/#respond"]}]},{"@type":"WebPage","@id":"https:\/\/verduweb.com\/blog\/coleccion-de-armario-serie-optima\/","url":"https:\/\/verduweb.com\/blog\/coleccion-de-armario-serie-optima\/","name":"\u25b7 Colecci\u00f3n de armario Serie \u00d3ptima &#8226; Verd\u00fa Blog","isPartOf":{"@id":"https:\/\/verduweb.com\/blog\/#website"},"primaryImageOfPage":{"@id":"https:\/\/verduweb.com\/blog\/coleccion-de-armario-serie-optima\/#primaryimage"},"image":{"@id":"https:\/\/verduweb.com\/blog\/coleccion-de-armario-serie-optima\/#primaryimage"},"thumbnailUrl":"https:\/\/i0.wp.com\/verduweb.com\/blog\/wp-content\/uploads\/2020\/11\/coleccion-s.jpg?fit=2000%2C1600&ssl=1","datePublished":"2020-11-03T15:57:26+00:00","dateModified":"2021-06-22T10:05:36+00:00","description":"La colecci\u00f3n de acessorios para armario m\u00e1s completa de 2020 y 2021 \u2705 Aqu\u00ed encontrar\u00e1s pantaloneros, zapateros, perchas y mucho m\u00e1s.","breadcrumb":{"@id":"https:\/\/verduweb.com\/blog\/coleccion-de-armario-serie-optima\/#breadcrumb"},"inLanguage":"es","potentialAction":[{"@type":"ReadAction","target":["https:\/\/verduweb.com\/blog\/coleccion-de-armario-serie-optima\/"]}]},{"@type":"ImageObject","inLanguage":"es","@id":"https:\/\/verduweb.com\/blog\/coleccion-de-armario-serie-optima\/#primaryimage","url":"https:\/\/i0.wp.com\/verduweb.com\/blog\/wp-content\/uploads\/2020\/11\/coleccion-s.jpg?fit=2000%2C1600&ssl=1","contentUrl":"https:\/\/i0.wp.com\/verduweb.com\/blog\/wp-content\/uploads\/2020\/11\/coleccion-s.jpg?fit=2000%2C1600&ssl=1","width":2000,"height":1600,"caption":"herrajes para armario"},{"@type":"BreadcrumbList","@id":"https:\/\/verduweb.com\/blog\/coleccion-de-armario-serie-optima\/#breadcrumb","itemListElement":[{"@type":"ListItem","position":1,"name":"Portada","item":"https:\/\/verduweb.com\/blog\/"},{"@type":"ListItem","position":2,"name":"Colecci\u00f3n de armario Serie \u00d3ptima"}]},{"@type":"WebSite","@id":"https:\/\/verduweb.com\/blog\/#website","url":"https:\/\/verduweb.com\/blog\/","name":"Verd\u00fa Blog","description":"Espacio dedicado al profesional del mueble: noticias y consejos del sector","publisher":{"@id":"https:\/\/verduweb.com\/blog\/#organization"},"potentialAction":[{"@type":"SearchAction","target":{"@type":"EntryPoint","urlTemplate":"https:\/\/verduweb.com\/blog\/?s={search_term_string}"},"query-input":{"@type":"PropertyValueSpecification","valueRequired":true,"valueName":"search_term_string"}}],"inLanguage":"es"},{"@type":"Organization","@id":"https:\/\/verduweb.com\/blog\/#organization","name":"Ferreter\u00eda Verd\u00fa Online","url":"https:\/\/verduweb.com\/blog\/","logo":{"@type":"ImageObject","inLanguage":"es","@id":"https:\/\/verduweb.com\/blog\/#\/schema\/logo\/image\/","url":"https:\/\/i0.wp.com\/verduweb.com\/blog\/wp-content\/uploads\/2019\/04\/logo-verdublog.png?fit=350%2C60&ssl=1","contentUrl":"https:\/\/i0.wp.com\/verduweb.com\/blog\/wp-content\/uploads\/2019\/04\/logo-verdublog.png?fit=350%2C60&ssl=1","width":350,"height":60,"caption":"Ferreter\u00eda Verd\u00fa Online"},"image":{"@id":"https:\/\/verduweb.com\/blog\/#\/schema\/logo\/image\/"},"sameAs":["https:\/\/www.facebook.com\/Verdustore","https:\/\/x.com\/VerduStore","https:\/\/www.instagram.com\/verdustore.es","https:\/\/www.linkedin.com\/company\/2778584","https:\/\/www.pinterest.com\/verduonline\/","http:\/\/www.youtube.com\/user\/verduonline"]},{"@type":"Person","@id":"https:\/\/verduweb.com\/blog\/#\/schema\/person\/703e904ae580e8e30be28be42d880b4a","name":"Antonio","image":{"@type":"ImageObject","inLanguage":"es","@id":"https:\/\/verduweb.com\/blog\/#\/schema\/person\/image\/","url":"https:\/\/secure.gravatar.com\/avatar\/7ce3a02b947f85e1e5b3fa051ad21434ee288ff825c7d5d4d0aaa6c07ed6a850?s=96&d=blank&r=g","contentUrl":"https:\/\/secure.gravatar.com\/avatar\/7ce3a02b947f85e1e5b3fa051ad21434ee288ff825c7d5d4d0aaa6c07ed6a850?s=96&d=blank&r=g","caption":"Antonio"},"url":"https:\/\/verduweb.com\/blog\/author\/antonio\/"}]}},"jetpack_publicize_connections":[],"jetpack_featured_media_url":"https:\/\/i0.wp.com\/verduweb.com\/blog\/wp-content\/uploads\/2020\/11\/coleccion-s.jpg?fit=2000%2C1600&ssl=1","jetpack_sharing_enabled":true,"jetpack_shortlink":"https:\/\/wp.me\/p9LpR4-1zT","jetpack_likes_enabled":true,"jetpack-related-posts":[],"_links":{"self":[{"href":"https:\/\/verduweb.com\/blog\/wp-json\/wp\/v2\/posts\/6069","targetHints":{"allow":["GET"]}}],"collection":[{"href":"https:\/\/verduweb.com\/blog\/wp-json\/wp\/v2\/posts"}],"about":[{"href":"https:\/\/verduweb.com\/blog\/wp-json\/wp\/v2\/types\/post"}],"author":[{"embeddable":true,"href":"https:\/\/verduweb.com\/blog\/wp-json\/wp\/v2\/users\/11"}],"replies":[{"embeddable":true,"href":"https:\/\/verduweb.com\/blog\/wp-json\/wp\/v2\/comments?post=6069"}],"version-history":[{"count":18,"href":"https:\/\/verduweb.com\/blog\/wp-json\/wp\/v2\/posts\/6069\/revisions"}],"predecessor-version":[{"id":6446,"href":"https:\/\/verduweb.com\/blog\/wp-json\/wp\/v2\/posts\/6069\/revisions\/6446"}],"wp:featuredmedia":[{"embeddable":true,"href":"https:\/\/verduweb.com\/blog\/wp-json\/wp\/v2\/media\/6095"}],"wp:attachment":[{"href":"https:\/\/verduweb.com\/blog\/wp-json\/wp\/v2\/media?parent=6069"}],"wp:term":[{"taxonomy":"category","embeddable":true,"href":"https:\/\/verduweb.com\/blog\/wp-json\/wp\/v2\/categories?post=6069"},{"taxonomy":"post_tag","embeddable":true,"href":"https:\/\/verduweb.com\/blog\/wp-json\/wp\/v2\/tags?post=6069"}],"curies":[{"name":"wp","href":"https:\/\/api.w.org\/{rel}","templated":true}]}}