{"id":4294,"date":"2019-06-26T09:35:46","date_gmt":"2019-06-26T07:35:46","guid":{"rendered":"http:\/\/verduweb.com\/blog\/?p=4294"},"modified":"2019-07-08T12:35:29","modified_gmt":"2019-07-08T10:35:29","slug":"mas-luz-puertas-correderas-de-cristal","status":"publish","type":"post","link":"https:\/\/verduweb.com\/blog\/mas-luz-puertas-correderas-de-cristal\/","title":{"rendered":"Consigue m\u00e1s luz instalando puertas correderas de cristal"},"content":{"rendered":"\n<div class=\"wp-block-image\"><figure class=\"aligncenter\"><img data-recalc-dims=\"1\" loading=\"lazy\" decoding=\"async\" width=\"700\" height=\"699\" data-attachment-id=\"4296\" data-permalink=\"https:\/\/verduweb.com\/blog\/mas-luz-puertas-correderas-de-cristal\/puertas-vidrio\/\" data-orig-file=\"https:\/\/i0.wp.com\/verduweb.com\/blog\/wp-content\/uploads\/2019\/06\/puertas-vidrio.jpg?fit=700%2C699&amp;ssl=1\" data-orig-size=\"700,699\" data-comments-opened=\"1\" data-image-meta=\"{&quot;aperture&quot;:&quot;0&quot;,&quot;credit&quot;:&quot;&quot;,&quot;camera&quot;:&quot;&quot;,&quot;caption&quot;:&quot;&quot;,&quot;created_timestamp&quot;:&quot;0&quot;,&quot;copyright&quot;:&quot;&quot;,&quot;focal_length&quot;:&quot;0&quot;,&quot;iso&quot;:&quot;0&quot;,&quot;shutter_speed&quot;:&quot;0&quot;,&quot;title&quot;:&quot;&quot;,&quot;orientation&quot;:&quot;0&quot;}\" data-image-title=\"puertas-vidrio\" data-image-description=\"\" data-image-caption=\"\" data-medium-file=\"https:\/\/i0.wp.com\/verduweb.com\/blog\/wp-content\/uploads\/2019\/06\/puertas-vidrio.jpg?fit=300%2C300&amp;ssl=1\" data-large-file=\"https:\/\/i0.wp.com\/verduweb.com\/blog\/wp-content\/uploads\/2019\/06\/puertas-vidrio.jpg?fit=700%2C699&amp;ssl=1\" src=\"https:\/\/i0.wp.com\/verduweb.com\/blog\/wp-content\/uploads\/2019\/06\/puertas-vidrio.jpg?resize=700%2C699\" alt=\"puerta corredera de cristal\" class=\"wp-image-4296\" srcset=\"https:\/\/i0.wp.com\/verduweb.com\/blog\/wp-content\/uploads\/2019\/06\/puertas-vidrio.jpg?w=700&amp;ssl=1 700w, https:\/\/i0.wp.com\/verduweb.com\/blog\/wp-content\/uploads\/2019\/06\/puertas-vidrio.jpg?resize=150%2C150&amp;ssl=1 150w, https:\/\/i0.wp.com\/verduweb.com\/blog\/wp-content\/uploads\/2019\/06\/puertas-vidrio.jpg?resize=300%2C300&amp;ssl=1 300w, https:\/\/i0.wp.com\/verduweb.com\/blog\/wp-content\/uploads\/2019\/06\/puertas-vidrio.jpg?resize=160%2C160&amp;ssl=1 160w, https:\/\/i0.wp.com\/verduweb.com\/blog\/wp-content\/uploads\/2019\/06\/puertas-vidrio.jpg?resize=320%2C320&amp;ssl=1 320w\" sizes=\"auto, (max-width: 700px) 100vw, 700px\" \/><\/figure><\/div>\n\n\n\n<p>Las puertas correderas contribuyen a lograr un estilo muy elegante en los lugares donde son instaladas, ya sean <strong>viviendas, restaurantes, oficinas, hoteles<\/strong>&#8230; Esta f\u00f3rmula todav\u00eda es mejorable si sustituimos las t\u00edpicas puertas de madera por otros materiales. Puedes <strong>conseguir m\u00e1s luz<\/strong> (y, por tanto, darle un aspecto m\u00e1s sofisticado a tus ambientes) instalando puertas correderas de cristal.<\/p>\n\n\n\n<p>Las gu\u00edas espec\u00edficas para puertas de cristal est\u00e1n dise\u00f1adas para tratar este material tan delicado con el m\u00e1ximo cuidado. Todas tienen mecanismos que garantizan el <strong>movimiento fluido con frenado suave<\/strong>, de modo que su empleo es seguro y c\u00f3modo.<\/p>\n\n\n\n<p>Las caracter\u00edsticas t\u00e9cnicas entre unos modelos y otros suelen ser parecidas, aunque exista una gran variedad est\u00e9tica. Todas las gu\u00edas <strong>soportan entre 50 y 100 kg<\/strong> de peso con un <strong>espesor de entre 8 y 12 mm<\/strong>, que son las dimensiones est\u00e1ndar de las l\u00e1minas de vidrio.<\/p>\n\n\n\n<h2 class=\"wp-block-heading\">Rollglass+: \u00faltima generaci\u00f3n en herrajes para puertas correderas de cristal<\/h2>\n\n\n\n<div class=\"wp-block-image\"><figure class=\"aligncenter\"><a href=\"https:\/\/verduonlinestore.com\/sistemas-puertas-de-paso-correderas\/21588-juego-accesorios-rollglass-100-ksc-v10-12-0008010001956.html\"><img data-recalc-dims=\"1\" loading=\"lazy\" decoding=\"async\" width=\"700\" height=\"500\" data-attachment-id=\"4297\" data-permalink=\"https:\/\/verduweb.com\/blog\/mas-luz-puertas-correderas-de-cristal\/rollglass-pluss\/\" data-orig-file=\"https:\/\/i0.wp.com\/verduweb.com\/blog\/wp-content\/uploads\/2019\/06\/rollglass-pluss.jpg?fit=700%2C500&amp;ssl=1\" data-orig-size=\"700,500\" data-comments-opened=\"1\" data-image-meta=\"{&quot;aperture&quot;:&quot;0&quot;,&quot;credit&quot;:&quot;&quot;,&quot;camera&quot;:&quot;&quot;,&quot;caption&quot;:&quot;&quot;,&quot;created_timestamp&quot;:&quot;0&quot;,&quot;copyright&quot;:&quot;&quot;,&quot;focal_length&quot;:&quot;0&quot;,&quot;iso&quot;:&quot;0&quot;,&quot;shutter_speed&quot;:&quot;0&quot;,&quot;title&quot;:&quot;&quot;,&quot;orientation&quot;:&quot;0&quot;}\" data-image-title=\"rollglass-pluss\" data-image-description=\"\" data-image-caption=\"\" data-medium-file=\"https:\/\/i0.wp.com\/verduweb.com\/blog\/wp-content\/uploads\/2019\/06\/rollglass-pluss.jpg?fit=300%2C214&amp;ssl=1\" data-large-file=\"https:\/\/i0.wp.com\/verduweb.com\/blog\/wp-content\/uploads\/2019\/06\/rollglass-pluss.jpg?fit=700%2C500&amp;ssl=1\" src=\"https:\/\/i0.wp.com\/verduweb.com\/blog\/wp-content\/uploads\/2019\/06\/rollglass-pluss.jpg?resize=700%2C500\" alt=\"Rollglass+\" class=\"wp-image-4297\" srcset=\"https:\/\/i0.wp.com\/verduweb.com\/blog\/wp-content\/uploads\/2019\/06\/rollglass-pluss.jpg?w=700&amp;ssl=1 700w, https:\/\/i0.wp.com\/verduweb.com\/blog\/wp-content\/uploads\/2019\/06\/rollglass-pluss.jpg?resize=300%2C214&amp;ssl=1 300w\" sizes=\"auto, (max-width: 700px) 100vw, 700px\" \/><\/a><\/figure><\/div>\n\n\n\n<p><strong><a href=\"https:\/\/verduonlinestore.com\/sistemas-puertas-de-paso-correderas\/21588-juego-accesorios-rollglass-100-ksc-v10-12-0008010001956.html\">Rollglass+<\/a><\/strong> es el sistema de herrajes para puertas correderas de cristal m\u00e1s novedoso, dise\u00f1ado para casar paneles de vidrio fijos y m\u00f3viles en un mismo perfil, de modo que el conjunto se presente bien unificado y limpio.<\/p>\n\n\n\n<p>Esta gu\u00eda es tan vers\u00e1til que <strong>puede combinarse de m\u00faltiples maneras<\/strong> para crear estructuras de cristal genuinas. Debe adquirirse para ello el <a href=\"https:\/\/verduonlinestore.com\/sistemas-puertas-de-paso-correderas\/21588-juego-accesorios-rollglass-100-ksc-v10-12-0008010001956.html\">kit principal de accesorios<\/a> con los <a href=\"https:\/\/verduonlinestore.com\/#\/dfclassic\/query=rollglass%20visto&amp;query_name=match_and\">perfiles vistos<\/a> o <a href=\"https:\/\/verduonlinestore.com\/#\/dfclassic\/query=rollglass%20empotrado&amp;query_name=match_and\">empotrados<\/a> deseados (de 2, 3, 4 y 6 metros, que adem\u00e1s se pueden recortar).<\/p>\n\n\n\n<p>Los paneles se fijan mediante mordazas al perfil de aluminio Silver. La instalaci\u00f3n, por tanto, resulta muy sencilla, con el montaje de la gu\u00eda en dos fases, que permite siempre el acceso a la mordaza, y una f\u00e1cil inserci\u00f3n frontal del perfil interior del vidrio.<\/p>\n\n\n\n<figure class=\"wp-block-embed-youtube aligncenter wp-block-embed is-type-video is-provider-youtube wp-embed-aspect-16-9 wp-has-aspect-ratio\"><div class=\"wp-block-embed__wrapper\">\n<div class=\"video-container\"><span class=\"embed-youtube\" style=\"text-align:center; display: block;\"><iframe loading=\"lazy\" class=\"youtube-player\" width=\"640\" height=\"360\" src=\"https:\/\/www.youtube.com\/embed\/6NTHmpIOdHw?version=3&#038;rel=1&#038;showsearch=0&#038;showinfo=1&#038;iv_load_policy=1&#038;fs=1&#038;hl=es-ES&#038;autohide=2&#038;wmode=transparent\" allowfullscreen=\"true\" style=\"border:0;\" sandbox=\"allow-scripts allow-same-origin allow-popups allow-presentation allow-popups-to-escape-sandbox\"><\/iframe><\/span><\/div>\n<\/div><figcaption>Instalaci\u00f3n del sistema Rollglass+.<\/figcaption><\/figure>\n\n\n\n<blockquote class=\"wp-block-quote is-layout-flow wp-block-quote-is-layout-flow\"><p>Nota: La anodizaci\u00f3n es un tratamiento electrol\u00edtico del metal que consigue generar una capa de \u00f3xido protectora. Esta aumenta la resistencia y durabilidad del aluminio y le otorga ese color plateado tan elegante.<\/p><p><\/p><\/blockquote>\n\n\n\n<p>Por si fuera poco, la gu\u00eda incluye un sistema de <strong>cierre amortiguado Klein Soft Closing<\/strong> (KSC), que repercute en la comodidad y seguridad del deslizamiento.<\/p>\n\n\n\n<p>Capacidad de carga: m\u00e1ximo 100 kg con un espesor de 10-12 mm. Pueden solicitarse bajo pedido gu\u00edas para l\u00e1minas de hasta 50 kg y 8 mm de espesor.<\/p>\n\n\n\n<p>Este art\u00edculo, como el siguiente, cuenta con garant\u00eda Klein de cinco a\u00f1os.<\/p>\n\n\n\n<p>\u27a1\ufe0f Quiz\u00e1s tambi\u00e9n te interese: <a href=\"http:\/\/verduweb.com\/blog\/sistema-deslizamiento-magic2-puertas-madera\/\">Sistema de deslizamiento invisible Magic2 para puertas de madera<\/a>.<\/p>\n\n\n\n<h2 class=\"wp-block-heading\">Unikglass+ Air: m\u00e1s luz gracias a la eliminaci\u00f3n de marcos<\/h2>\n\n\n\n<div class=\"wp-block-image\"><figure class=\"aligncenter\"><a href=\"https:\/\/verduonlinestore.com\/#\/dfclassic\/query=unikglass&amp;query_name=match_and\"><img data-recalc-dims=\"1\" loading=\"lazy\" decoding=\"async\" width=\"700\" height=\"543\" data-attachment-id=\"4298\" data-permalink=\"https:\/\/verduweb.com\/blog\/mas-luz-puertas-correderas-de-cristal\/unikglass-air\/\" data-orig-file=\"https:\/\/i0.wp.com\/verduweb.com\/blog\/wp-content\/uploads\/2019\/06\/unikglass-air.jpg?fit=700%2C543&amp;ssl=1\" data-orig-size=\"700,543\" data-comments-opened=\"1\" data-image-meta=\"{&quot;aperture&quot;:&quot;0&quot;,&quot;credit&quot;:&quot;&quot;,&quot;camera&quot;:&quot;&quot;,&quot;caption&quot;:&quot;&quot;,&quot;created_timestamp&quot;:&quot;0&quot;,&quot;copyright&quot;:&quot;&quot;,&quot;focal_length&quot;:&quot;0&quot;,&quot;iso&quot;:&quot;0&quot;,&quot;shutter_speed&quot;:&quot;0&quot;,&quot;title&quot;:&quot;&quot;,&quot;orientation&quot;:&quot;0&quot;}\" data-image-title=\"unikglass-air\" data-image-description=\"\" data-image-caption=\"\" data-medium-file=\"https:\/\/i0.wp.com\/verduweb.com\/blog\/wp-content\/uploads\/2019\/06\/unikglass-air.jpg?fit=300%2C233&amp;ssl=1\" data-large-file=\"https:\/\/i0.wp.com\/verduweb.com\/blog\/wp-content\/uploads\/2019\/06\/unikglass-air.jpg?fit=700%2C543&amp;ssl=1\" src=\"https:\/\/i0.wp.com\/verduweb.com\/blog\/wp-content\/uploads\/2019\/06\/unikglass-air.jpg?resize=700%2C543\" alt=\"Unikglass+ Air\" class=\"wp-image-4298\" srcset=\"https:\/\/i0.wp.com\/verduweb.com\/blog\/wp-content\/uploads\/2019\/06\/unikglass-air.jpg?w=700&amp;ssl=1 700w, https:\/\/i0.wp.com\/verduweb.com\/blog\/wp-content\/uploads\/2019\/06\/unikglass-air.jpg?resize=300%2C233&amp;ssl=1 300w\" sizes=\"auto, (max-width: 700px) 100vw, 700px\" \/><\/a><\/figure><\/div>\n\n\n\n<p><strong><a href=\"https:\/\/verduonlinestore.com\/#\/dfclassic\/query=unikglass&amp;query_name=match_and\">Unikglass+ Air<\/a><\/strong> est\u00e1 concebido para ser instalado en paredes de vidrio sin marco y as\u00ed crear ambientes m\u00e1s despejados y con mayor luz.<\/p>\n\n\n\n<p>Como <strong>no es necesario mecanizar la puerta corredera<\/strong>, la instalaci\u00f3n resulta muy sencilla. Funciona tanto con vidrio templado como con vidrio laminado.<\/p>\n\n\n\n<p>Capacidad de carga: m\u00e1ximo 100 kg con un espesor de 10-12 mm. Tambi\u00e9n se puede instalar sobre una pared de vidrio de 10, 12 o 16 mm. Perfil recortable de aluminio anodizado Silver; para acabado negro, consultar. Pueden solicitarse bajo pedido gu\u00edas para l\u00e1minas de hasta 50 kg y 8 mm de espesor.<\/p>\n\n\n\n<p>Este art\u00edculo tiene cinco a\u00f1os de garant\u00eda Klein.<\/p>\n\n\n\n<h2 class=\"wp-block-heading\">Eclettica: est\u00e9tica para puertas de cristal muy pesadas<\/h2>\n\n\n\n<div class=\"wp-block-image\"><figure class=\"aligncenter\"><a href=\"https:\/\/verduonlinestore.com\/#\/dfclassic\/query=eclettica&amp;query_name=match_and\"><img data-recalc-dims=\"1\" loading=\"lazy\" decoding=\"async\" width=\"700\" height=\"663\" data-attachment-id=\"4299\" data-permalink=\"https:\/\/verduweb.com\/blog\/mas-luz-puertas-correderas-de-cristal\/eclettica\/\" data-orig-file=\"https:\/\/i0.wp.com\/verduweb.com\/blog\/wp-content\/uploads\/2019\/06\/eclettica.jpg?fit=700%2C663&amp;ssl=1\" data-orig-size=\"700,663\" data-comments-opened=\"1\" data-image-meta=\"{&quot;aperture&quot;:&quot;0&quot;,&quot;credit&quot;:&quot;&quot;,&quot;camera&quot;:&quot;&quot;,&quot;caption&quot;:&quot;&quot;,&quot;created_timestamp&quot;:&quot;0&quot;,&quot;copyright&quot;:&quot;&quot;,&quot;focal_length&quot;:&quot;0&quot;,&quot;iso&quot;:&quot;0&quot;,&quot;shutter_speed&quot;:&quot;0&quot;,&quot;title&quot;:&quot;&quot;,&quot;orientation&quot;:&quot;0&quot;}\" data-image-title=\"eclettica\" data-image-description=\"\" data-image-caption=\"\" data-medium-file=\"https:\/\/i0.wp.com\/verduweb.com\/blog\/wp-content\/uploads\/2019\/06\/eclettica.jpg?fit=300%2C284&amp;ssl=1\" data-large-file=\"https:\/\/i0.wp.com\/verduweb.com\/blog\/wp-content\/uploads\/2019\/06\/eclettica.jpg?fit=700%2C663&amp;ssl=1\" src=\"https:\/\/i0.wp.com\/verduweb.com\/blog\/wp-content\/uploads\/2019\/06\/eclettica.jpg?resize=700%2C663\" alt=\"Eclettica\" class=\"wp-image-4299\" srcset=\"https:\/\/i0.wp.com\/verduweb.com\/blog\/wp-content\/uploads\/2019\/06\/eclettica.jpg?w=700&amp;ssl=1 700w, https:\/\/i0.wp.com\/verduweb.com\/blog\/wp-content\/uploads\/2019\/06\/eclettica.jpg?resize=300%2C284&amp;ssl=1 300w\" sizes=\"auto, (max-width: 700px) 100vw, 700px\" \/><\/a><\/figure><\/div>\n\n\n\n<p><strong><a href=\"https:\/\/verduonlinestore.com\/#\/dfclassic\/query=eclettica&amp;query_name=match_and\">Eclettica<\/a><\/strong> posee una refinada barra con dos pinzas que sujeta la puerta de cristal con dos simples perforaciones de \u00d812 mm.<\/p>\n\n\n\n<p>Este <strong>sistema robusto<\/strong> se coloca conjuntamente con el <a href=\"https:\/\/verduonlinestore.com\/#\/dfclassic\/query=eclettica%20madera&amp;query_name=match_and\">kit de herrajes Eclettica Madera<\/a> en cualquiera de sus versiones. Es por eso que tambi\u00e9n admite puertas de madera.<\/p>\n\n\n\n<p>La puerta puede instalarse con <strong>freno amortiguado<\/strong> (c\u00f3digos 1058.81, 1058.85 o 1058.88 + 1058.82) o con <strong>freno retenedor<\/strong> (c\u00f3digos 1058.80 o 1058.86 + 1058.82). <a href=\"https:\/\/verduonlinestore.com\/\">Consulta los art\u00edculos en VerduStore<\/a>.<\/p>\n\n\n\n<p>Capacidad de carga: 80-120 kg, con un espesor m\u00e1ximo de 10 mm.<\/p>\n\n\n\n<h2 class=\"wp-block-heading\">Venus 02: una gu\u00eda m\u00e1s sencilla pero igual de pr\u00e1ctica<\/h2>\n\n\n\n<div class=\"wp-block-image\"><figure class=\"aligncenter\"><a href=\"https:\/\/verduonlinestore.com\/sistemas-puertas-de-paso-correderas\/1170-kit-herrajes-puerta-cristal-venus-2mts-0009020001646.html\"><img data-recalc-dims=\"1\" loading=\"lazy\" decoding=\"async\" width=\"700\" height=\"878\" data-attachment-id=\"4300\" data-permalink=\"https:\/\/verduweb.com\/blog\/mas-luz-puertas-correderas-de-cristal\/venus02\/\" data-orig-file=\"https:\/\/i0.wp.com\/verduweb.com\/blog\/wp-content\/uploads\/2019\/06\/venus02.jpg?fit=700%2C878&amp;ssl=1\" data-orig-size=\"700,878\" data-comments-opened=\"1\" data-image-meta=\"{&quot;aperture&quot;:&quot;0&quot;,&quot;credit&quot;:&quot;&quot;,&quot;camera&quot;:&quot;&quot;,&quot;caption&quot;:&quot;&quot;,&quot;created_timestamp&quot;:&quot;0&quot;,&quot;copyright&quot;:&quot;&quot;,&quot;focal_length&quot;:&quot;0&quot;,&quot;iso&quot;:&quot;0&quot;,&quot;shutter_speed&quot;:&quot;0&quot;,&quot;title&quot;:&quot;&quot;,&quot;orientation&quot;:&quot;0&quot;}\" data-image-title=\"venus02\" data-image-description=\"\" data-image-caption=\"\" data-medium-file=\"https:\/\/i0.wp.com\/verduweb.com\/blog\/wp-content\/uploads\/2019\/06\/venus02.jpg?fit=239%2C300&amp;ssl=1\" data-large-file=\"https:\/\/i0.wp.com\/verduweb.com\/blog\/wp-content\/uploads\/2019\/06\/venus02.jpg?fit=700%2C878&amp;ssl=1\" src=\"https:\/\/i0.wp.com\/verduweb.com\/blog\/wp-content\/uploads\/2019\/06\/venus02.jpg?resize=700%2C878\" alt=\"Venus 02\" class=\"wp-image-4300\" srcset=\"https:\/\/i0.wp.com\/verduweb.com\/blog\/wp-content\/uploads\/2019\/06\/venus02.jpg?w=700&amp;ssl=1 700w, https:\/\/i0.wp.com\/verduweb.com\/blog\/wp-content\/uploads\/2019\/06\/venus02.jpg?resize=239%2C300&amp;ssl=1 239w\" sizes=\"auto, (max-width: 700px) 100vw, 700px\" \/><\/a><figcaption>Sistema Venus 02 con vidrio oscuro. Con los vidrios tintados puedes jugar con la distribuci\u00f3n de la luz.<\/figcaption><\/figure><\/div>\n\n\n\n<p><strong><a href=\"https:\/\/verduonlinestore.com\/sistemas-puertas-de-paso-correderas\/1170-kit-herrajes-puerta-cristal-venus-2mts-0009020001646.html\">Venus 02<\/a><\/strong> tiene un acabado m\u00e1s sobrio que recuerda a las <a href=\"http:\/\/verduweb.com\/blog\/puertas-correderas-con-herrajes-cabinas-sanitarias\/\">puertas correderas de Cabine<\/a>, con ruedas de goma vistas que se encargan del desplazamiento.<\/p>\n\n\n\n<p>El perfil est\u00e1 disponible en dos medidas: <a href=\"https:\/\/verduonlinestore.com\/sistemas-puertas-de-paso-correderas\/1170-kit-herrajes-puerta-cristal-venus-2mts-0009020001646.html\">2 metros<\/a> y <a href=\"https:\/\/verduonlinestore.com\/sistemas-puertas-de-paso-correderas\/1171-kit-herrajes-puerta-cristal-venus-25mts-0009020001653.html\">2,5 metros<\/a>. Este se instala r\u00e1pidamente y se puede cortar para conseguir la longitud deseada.<\/p>\n\n\n\n<p>Capacidad de carga: m\u00e1ximo 50 kg con un espesor de 8-10 mm.<\/p>\n\n\n\n<p>\u27a1\ufe0f Quiz\u00e1s tambi\u00e9n te interese: <a href=\"http:\/\/verduweb.com\/blog\/puertas-correderas-con-herrajes-cabinas-sanitarias\/\">C\u00f3mo montar puertas correderas con herrajes de cabinas sanitarias<\/a>.<\/p>\n\n\n\n<hr class=\"wp-block-separator\"\/>\n\n\n\n<p>Descubre m\u00e1s sistemas de puertas correderas de cristal para ampliar tus espacios en este post:<\/p>\n\n\n\n<figure class=\"wp-block-embed is-type-rich is-provider-verdu-blog\"><div class=\"wp-block-embed__wrapper\">\n<blockquote class=\"wp-embedded-content\" data-secret=\"VhgGOzw68a\"><a href=\"https:\/\/verduweb.com\/blog\/sistemas-puertas-correderas-cristal-ampliar-espacios\/\">M\u00e1s sistemas de puertas correderas de cristal para ampliar tus espacios<\/a><\/blockquote><iframe loading=\"lazy\" class=\"wp-embedded-content\" sandbox=\"allow-scripts\" security=\"restricted\" style=\"position: absolute; visibility: hidden;\" title=\"\u00abM\u00e1s sistemas de puertas correderas de cristal para ampliar tus espacios\u00bb \u2014 Verd\u00fa Blog\" src=\"https:\/\/verduweb.com\/blog\/sistemas-puertas-correderas-cristal-ampliar-espacios\/embed\/#?secret=SkyQF1npTC#?secret=VhgGOzw68a\" data-secret=\"VhgGOzw68a\" width=\"500\" height=\"282\" frameborder=\"0\" marginwidth=\"0\" marginheight=\"0\" scrolling=\"no\"><\/iframe>\n<\/div><\/figure>\n","protected":false},"excerpt":{"rendered":"<p>Las puertas correderas contribuyen a lograr un estilo muy elegante en los lugares donde son instaladas, ya sean viviendas, restaurantes, oficinas, hoteles&#8230; Esta f\u00f3rmula todav\u00eda es mejorable si sustituimos las&#46;&#46;&#46;<\/p>\n","protected":false},"author":11,"featured_media":4296,"comment_status":"open","ping_status":"open","sticky":false,"template":"","format":"standard","meta":{"_monsterinsights_skip_tracking":false,"_monsterinsights_sitenote_active":false,"_monsterinsights_sitenote_note":"","_monsterinsights_sitenote_category":0,"jetpack_post_was_ever_published":false,"_jetpack_newsletter_access":"","_jetpack_dont_email_post_to_subs":false,"_jetpack_newsletter_tier_id":0,"_jetpack_memberships_contains_paywalled_content":false,"_jetpack_memberships_contains_paid_content":false,"footnotes":"","jetpack_publicize_message":"","jetpack_publicize_feature_enabled":true,"jetpack_social_post_already_shared":true,"jetpack_social_options":{"image_generator_settings":{"template":"highway","default_image_id":0,"font":"","enabled":false},"version":2}},"categories":[150],"tags":[278,280,281,246,277],"class_list":["post-4294","post","type-post","status-publish","format-standard","has-post-thumbnail","hentry","category-herrajes","tag-corredera","tag-cristal","tag-luz","tag-puerta","tag-vidrio"],"yoast_head":"<!-- This site is optimized with the Yoast SEO plugin v27.1.1 - https:\/\/yoast.com\/product\/yoast-seo-wordpress\/ -->\n<title>Consigue m\u00e1s luz instalando puertas correderas de cristal &#8226; Verd\u00fa Blog<\/title>\n<meta name=\"robots\" content=\"index, follow, max-snippet:-1, max-image-preview:large, max-video-preview:-1\" \/>\n<link rel=\"canonical\" href=\"https:\/\/verduweb.com\/blog\/mas-luz-puertas-correderas-de-cristal\/\" \/>\n<meta property=\"og:locale\" content=\"es_ES\" \/>\n<meta property=\"og:type\" content=\"article\" \/>\n<meta property=\"og:title\" content=\"Consigue m\u00e1s luz instalando puertas correderas de cristal &#8226; Verd\u00fa Blog\" \/>\n<meta property=\"og:description\" content=\"Las puertas correderas contribuyen a lograr un estilo muy elegante en los lugares donde son instaladas, ya sean viviendas, restaurantes, oficinas, hoteles&#8230; Esta f\u00f3rmula todav\u00eda es mejorable si sustituimos las&#046;&#046;&#046;\" \/>\n<meta property=\"og:url\" content=\"https:\/\/verduweb.com\/blog\/mas-luz-puertas-correderas-de-cristal\/\" \/>\n<meta property=\"og:site_name\" content=\"Verd\u00fa Blog\" \/>\n<meta property=\"article:publisher\" content=\"https:\/\/www.facebook.com\/Verdustore\" \/>\n<meta property=\"article:published_time\" content=\"2019-06-26T07:35:46+00:00\" \/>\n<meta property=\"article:modified_time\" content=\"2019-07-08T10:35:29+00:00\" \/>\n<meta property=\"og:image\" content=\"https:\/\/i0.wp.com\/verduweb.com\/blog\/wp-content\/uploads\/2019\/06\/puertas-vidrio.jpg?fit=700%2C699&ssl=1\" \/>\n\t<meta property=\"og:image:width\" content=\"700\" \/>\n\t<meta property=\"og:image:height\" content=\"699\" \/>\n\t<meta property=\"og:image:type\" content=\"image\/jpeg\" \/>\n<meta name=\"author\" content=\"Antonio\" \/>\n<meta name=\"twitter:card\" content=\"summary_large_image\" \/>\n<meta name=\"twitter:creator\" content=\"@VerduStore\" \/>\n<meta name=\"twitter:site\" content=\"@VerduStore\" \/>\n<meta name=\"twitter:label1\" content=\"Escrito por\" \/>\n\t<meta name=\"twitter:data1\" content=\"Antonio\" \/>\n\t<meta name=\"twitter:label2\" content=\"Tiempo de lectura\" \/>\n\t<meta name=\"twitter:data2\" content=\"4 minutos\" \/>\n<script type=\"application\/ld+json\" class=\"yoast-schema-graph\">{\"@context\":\"https:\/\/schema.org\",\"@graph\":[{\"@type\":\"Article\",\"@id\":\"https:\/\/verduweb.com\/blog\/mas-luz-puertas-correderas-de-cristal\/#article\",\"isPartOf\":{\"@id\":\"https:\/\/verduweb.com\/blog\/mas-luz-puertas-correderas-de-cristal\/\"},\"author\":{\"name\":\"Antonio\",\"@id\":\"https:\/\/verduweb.com\/blog\/#\/schema\/person\/703e904ae580e8e30be28be42d880b4a\"},\"headline\":\"Consigue m\u00e1s luz instalando puertas correderas de cristal\",\"datePublished\":\"2019-06-26T07:35:46+00:00\",\"dateModified\":\"2019-07-08T10:35:29+00:00\",\"mainEntityOfPage\":{\"@id\":\"https:\/\/verduweb.com\/blog\/mas-luz-puertas-correderas-de-cristal\/\"},\"wordCount\":782,\"commentCount\":4,\"publisher\":{\"@id\":\"https:\/\/verduweb.com\/blog\/#organization\"},\"image\":{\"@id\":\"https:\/\/verduweb.com\/blog\/mas-luz-puertas-correderas-de-cristal\/#primaryimage\"},\"thumbnailUrl\":\"https:\/\/i0.wp.com\/verduweb.com\/blog\/wp-content\/uploads\/2019\/06\/puertas-vidrio.jpg?fit=700%2C699&ssl=1\",\"keywords\":[\"corredera\",\"cristal\",\"luz\",\"puerta\",\"vidrio\"],\"articleSection\":[\"Herrajes\"],\"inLanguage\":\"es\",\"potentialAction\":[{\"@type\":\"CommentAction\",\"name\":\"Comment\",\"target\":[\"https:\/\/verduweb.com\/blog\/mas-luz-puertas-correderas-de-cristal\/#respond\"]}]},{\"@type\":\"WebPage\",\"@id\":\"https:\/\/verduweb.com\/blog\/mas-luz-puertas-correderas-de-cristal\/\",\"url\":\"https:\/\/verduweb.com\/blog\/mas-luz-puertas-correderas-de-cristal\/\",\"name\":\"Consigue m\u00e1s luz instalando puertas correderas de cristal &#8226; Verd\u00fa Blog\",\"isPartOf\":{\"@id\":\"https:\/\/verduweb.com\/blog\/#website\"},\"primaryImageOfPage\":{\"@id\":\"https:\/\/verduweb.com\/blog\/mas-luz-puertas-correderas-de-cristal\/#primaryimage\"},\"image\":{\"@id\":\"https:\/\/verduweb.com\/blog\/mas-luz-puertas-correderas-de-cristal\/#primaryimage\"},\"thumbnailUrl\":\"https:\/\/i0.wp.com\/verduweb.com\/blog\/wp-content\/uploads\/2019\/06\/puertas-vidrio.jpg?fit=700%2C699&ssl=1\",\"datePublished\":\"2019-06-26T07:35:46+00:00\",\"dateModified\":\"2019-07-08T10:35:29+00:00\",\"breadcrumb\":{\"@id\":\"https:\/\/verduweb.com\/blog\/mas-luz-puertas-correderas-de-cristal\/#breadcrumb\"},\"inLanguage\":\"es\",\"potentialAction\":[{\"@type\":\"ReadAction\",\"target\":[\"https:\/\/verduweb.com\/blog\/mas-luz-puertas-correderas-de-cristal\/\"]}]},{\"@type\":\"ImageObject\",\"inLanguage\":\"es\",\"@id\":\"https:\/\/verduweb.com\/blog\/mas-luz-puertas-correderas-de-cristal\/#primaryimage\",\"url\":\"https:\/\/i0.wp.com\/verduweb.com\/blog\/wp-content\/uploads\/2019\/06\/puertas-vidrio.jpg?fit=700%2C699&ssl=1\",\"contentUrl\":\"https:\/\/i0.wp.com\/verduweb.com\/blog\/wp-content\/uploads\/2019\/06\/puertas-vidrio.jpg?fit=700%2C699&ssl=1\",\"width\":700,\"height\":699},{\"@type\":\"BreadcrumbList\",\"@id\":\"https:\/\/verduweb.com\/blog\/mas-luz-puertas-correderas-de-cristal\/#breadcrumb\",\"itemListElement\":[{\"@type\":\"ListItem\",\"position\":1,\"name\":\"Portada\",\"item\":\"https:\/\/verduweb.com\/blog\/\"},{\"@type\":\"ListItem\",\"position\":2,\"name\":\"Consigue m\u00e1s luz instalando puertas correderas de cristal\"}]},{\"@type\":\"WebSite\",\"@id\":\"https:\/\/verduweb.com\/blog\/#website\",\"url\":\"https:\/\/verduweb.com\/blog\/\",\"name\":\"Verd\u00fa Blog\",\"description\":\"Espacio dedicado al profesional del mueble: noticias y consejos del sector\",\"publisher\":{\"@id\":\"https:\/\/verduweb.com\/blog\/#organization\"},\"potentialAction\":[{\"@type\":\"SearchAction\",\"target\":{\"@type\":\"EntryPoint\",\"urlTemplate\":\"https:\/\/verduweb.com\/blog\/?s={search_term_string}\"},\"query-input\":{\"@type\":\"PropertyValueSpecification\",\"valueRequired\":true,\"valueName\":\"search_term_string\"}}],\"inLanguage\":\"es\"},{\"@type\":\"Organization\",\"@id\":\"https:\/\/verduweb.com\/blog\/#organization\",\"name\":\"Ferreter\u00eda Verd\u00fa Online\",\"url\":\"https:\/\/verduweb.com\/blog\/\",\"logo\":{\"@type\":\"ImageObject\",\"inLanguage\":\"es\",\"@id\":\"https:\/\/verduweb.com\/blog\/#\/schema\/logo\/image\/\",\"url\":\"https:\/\/i0.wp.com\/verduweb.com\/blog\/wp-content\/uploads\/2019\/04\/logo-verdublog.png?fit=350%2C60&ssl=1\",\"contentUrl\":\"https:\/\/i0.wp.com\/verduweb.com\/blog\/wp-content\/uploads\/2019\/04\/logo-verdublog.png?fit=350%2C60&ssl=1\",\"width\":350,\"height\":60,\"caption\":\"Ferreter\u00eda Verd\u00fa Online\"},\"image\":{\"@id\":\"https:\/\/verduweb.com\/blog\/#\/schema\/logo\/image\/\"},\"sameAs\":[\"https:\/\/www.facebook.com\/Verdustore\",\"https:\/\/x.com\/VerduStore\",\"https:\/\/www.instagram.com\/verdustore.es\",\"https:\/\/www.linkedin.com\/company\/2778584\",\"https:\/\/www.pinterest.com\/verduonline\/\",\"http:\/\/www.youtube.com\/user\/verduonline\"]},{\"@type\":\"Person\",\"@id\":\"https:\/\/verduweb.com\/blog\/#\/schema\/person\/703e904ae580e8e30be28be42d880b4a\",\"name\":\"Antonio\",\"image\":{\"@type\":\"ImageObject\",\"inLanguage\":\"es\",\"@id\":\"https:\/\/verduweb.com\/blog\/#\/schema\/person\/image\/\",\"url\":\"https:\/\/secure.gravatar.com\/avatar\/7ce3a02b947f85e1e5b3fa051ad21434ee288ff825c7d5d4d0aaa6c07ed6a850?s=96&d=blank&r=g\",\"contentUrl\":\"https:\/\/secure.gravatar.com\/avatar\/7ce3a02b947f85e1e5b3fa051ad21434ee288ff825c7d5d4d0aaa6c07ed6a850?s=96&d=blank&r=g\",\"caption\":\"Antonio\"},\"url\":\"https:\/\/verduweb.com\/blog\/author\/antonio\/\"}]}<\/script>\n<!-- \/ Yoast SEO plugin. -->","yoast_head_json":{"title":"Consigue m\u00e1s luz instalando puertas correderas de cristal &#8226; Verd\u00fa Blog","robots":{"index":"index","follow":"follow","max-snippet":"max-snippet:-1","max-image-preview":"max-image-preview:large","max-video-preview":"max-video-preview:-1"},"canonical":"https:\/\/verduweb.com\/blog\/mas-luz-puertas-correderas-de-cristal\/","og_locale":"es_ES","og_type":"article","og_title":"Consigue m\u00e1s luz instalando puertas correderas de cristal &#8226; Verd\u00fa Blog","og_description":"Las puertas correderas contribuyen a lograr un estilo muy elegante en los lugares donde son instaladas, ya sean viviendas, restaurantes, oficinas, hoteles&#8230; Esta f\u00f3rmula todav\u00eda es mejorable si sustituimos las&#46;&#46;&#46;","og_url":"https:\/\/verduweb.com\/blog\/mas-luz-puertas-correderas-de-cristal\/","og_site_name":"Verd\u00fa Blog","article_publisher":"https:\/\/www.facebook.com\/Verdustore","article_published_time":"2019-06-26T07:35:46+00:00","article_modified_time":"2019-07-08T10:35:29+00:00","og_image":[{"width":700,"height":699,"url":"https:\/\/i0.wp.com\/verduweb.com\/blog\/wp-content\/uploads\/2019\/06\/puertas-vidrio.jpg?fit=700%2C699&ssl=1","type":"image\/jpeg"}],"author":"Antonio","twitter_card":"summary_large_image","twitter_creator":"@VerduStore","twitter_site":"@VerduStore","twitter_misc":{"Escrito por":"Antonio","Tiempo de lectura":"4 minutos"},"schema":{"@context":"https:\/\/schema.org","@graph":[{"@type":"Article","@id":"https:\/\/verduweb.com\/blog\/mas-luz-puertas-correderas-de-cristal\/#article","isPartOf":{"@id":"https:\/\/verduweb.com\/blog\/mas-luz-puertas-correderas-de-cristal\/"},"author":{"name":"Antonio","@id":"https:\/\/verduweb.com\/blog\/#\/schema\/person\/703e904ae580e8e30be28be42d880b4a"},"headline":"Consigue m\u00e1s luz instalando puertas correderas de cristal","datePublished":"2019-06-26T07:35:46+00:00","dateModified":"2019-07-08T10:35:29+00:00","mainEntityOfPage":{"@id":"https:\/\/verduweb.com\/blog\/mas-luz-puertas-correderas-de-cristal\/"},"wordCount":782,"commentCount":4,"publisher":{"@id":"https:\/\/verduweb.com\/blog\/#organization"},"image":{"@id":"https:\/\/verduweb.com\/blog\/mas-luz-puertas-correderas-de-cristal\/#primaryimage"},"thumbnailUrl":"https:\/\/i0.wp.com\/verduweb.com\/blog\/wp-content\/uploads\/2019\/06\/puertas-vidrio.jpg?fit=700%2C699&ssl=1","keywords":["corredera","cristal","luz","puerta","vidrio"],"articleSection":["Herrajes"],"inLanguage":"es","potentialAction":[{"@type":"CommentAction","name":"Comment","target":["https:\/\/verduweb.com\/blog\/mas-luz-puertas-correderas-de-cristal\/#respond"]}]},{"@type":"WebPage","@id":"https:\/\/verduweb.com\/blog\/mas-luz-puertas-correderas-de-cristal\/","url":"https:\/\/verduweb.com\/blog\/mas-luz-puertas-correderas-de-cristal\/","name":"Consigue m\u00e1s luz instalando puertas correderas de cristal &#8226; Verd\u00fa Blog","isPartOf":{"@id":"https:\/\/verduweb.com\/blog\/#website"},"primaryImageOfPage":{"@id":"https:\/\/verduweb.com\/blog\/mas-luz-puertas-correderas-de-cristal\/#primaryimage"},"image":{"@id":"https:\/\/verduweb.com\/blog\/mas-luz-puertas-correderas-de-cristal\/#primaryimage"},"thumbnailUrl":"https:\/\/i0.wp.com\/verduweb.com\/blog\/wp-content\/uploads\/2019\/06\/puertas-vidrio.jpg?fit=700%2C699&ssl=1","datePublished":"2019-06-26T07:35:46+00:00","dateModified":"2019-07-08T10:35:29+00:00","breadcrumb":{"@id":"https:\/\/verduweb.com\/blog\/mas-luz-puertas-correderas-de-cristal\/#breadcrumb"},"inLanguage":"es","potentialAction":[{"@type":"ReadAction","target":["https:\/\/verduweb.com\/blog\/mas-luz-puertas-correderas-de-cristal\/"]}]},{"@type":"ImageObject","inLanguage":"es","@id":"https:\/\/verduweb.com\/blog\/mas-luz-puertas-correderas-de-cristal\/#primaryimage","url":"https:\/\/i0.wp.com\/verduweb.com\/blog\/wp-content\/uploads\/2019\/06\/puertas-vidrio.jpg?fit=700%2C699&ssl=1","contentUrl":"https:\/\/i0.wp.com\/verduweb.com\/blog\/wp-content\/uploads\/2019\/06\/puertas-vidrio.jpg?fit=700%2C699&ssl=1","width":700,"height":699},{"@type":"BreadcrumbList","@id":"https:\/\/verduweb.com\/blog\/mas-luz-puertas-correderas-de-cristal\/#breadcrumb","itemListElement":[{"@type":"ListItem","position":1,"name":"Portada","item":"https:\/\/verduweb.com\/blog\/"},{"@type":"ListItem","position":2,"name":"Consigue m\u00e1s luz instalando puertas correderas de cristal"}]},{"@type":"WebSite","@id":"https:\/\/verduweb.com\/blog\/#website","url":"https:\/\/verduweb.com\/blog\/","name":"Verd\u00fa Blog","description":"Espacio dedicado al profesional del mueble: noticias y consejos del sector","publisher":{"@id":"https:\/\/verduweb.com\/blog\/#organization"},"potentialAction":[{"@type":"SearchAction","target":{"@type":"EntryPoint","urlTemplate":"https:\/\/verduweb.com\/blog\/?s={search_term_string}"},"query-input":{"@type":"PropertyValueSpecification","valueRequired":true,"valueName":"search_term_string"}}],"inLanguage":"es"},{"@type":"Organization","@id":"https:\/\/verduweb.com\/blog\/#organization","name":"Ferreter\u00eda Verd\u00fa Online","url":"https:\/\/verduweb.com\/blog\/","logo":{"@type":"ImageObject","inLanguage":"es","@id":"https:\/\/verduweb.com\/blog\/#\/schema\/logo\/image\/","url":"https:\/\/i0.wp.com\/verduweb.com\/blog\/wp-content\/uploads\/2019\/04\/logo-verdublog.png?fit=350%2C60&ssl=1","contentUrl":"https:\/\/i0.wp.com\/verduweb.com\/blog\/wp-content\/uploads\/2019\/04\/logo-verdublog.png?fit=350%2C60&ssl=1","width":350,"height":60,"caption":"Ferreter\u00eda Verd\u00fa Online"},"image":{"@id":"https:\/\/verduweb.com\/blog\/#\/schema\/logo\/image\/"},"sameAs":["https:\/\/www.facebook.com\/Verdustore","https:\/\/x.com\/VerduStore","https:\/\/www.instagram.com\/verdustore.es","https:\/\/www.linkedin.com\/company\/2778584","https:\/\/www.pinterest.com\/verduonline\/","http:\/\/www.youtube.com\/user\/verduonline"]},{"@type":"Person","@id":"https:\/\/verduweb.com\/blog\/#\/schema\/person\/703e904ae580e8e30be28be42d880b4a","name":"Antonio","image":{"@type":"ImageObject","inLanguage":"es","@id":"https:\/\/verduweb.com\/blog\/#\/schema\/person\/image\/","url":"https:\/\/secure.gravatar.com\/avatar\/7ce3a02b947f85e1e5b3fa051ad21434ee288ff825c7d5d4d0aaa6c07ed6a850?s=96&d=blank&r=g","contentUrl":"https:\/\/secure.gravatar.com\/avatar\/7ce3a02b947f85e1e5b3fa051ad21434ee288ff825c7d5d4d0aaa6c07ed6a850?s=96&d=blank&r=g","caption":"Antonio"},"url":"https:\/\/verduweb.com\/blog\/author\/antonio\/"}]}},"jetpack_publicize_connections":[],"jetpack_featured_media_url":"https:\/\/i0.wp.com\/verduweb.com\/blog\/wp-content\/uploads\/2019\/06\/puertas-vidrio.jpg?fit=700%2C699&ssl=1","jetpack_sharing_enabled":true,"jetpack_shortlink":"https:\/\/wp.me\/p9LpR4-17g","jetpack_likes_enabled":true,"jetpack-related-posts":[],"_links":{"self":[{"href":"https:\/\/verduweb.com\/blog\/wp-json\/wp\/v2\/posts\/4294","targetHints":{"allow":["GET"]}}],"collection":[{"href":"https:\/\/verduweb.com\/blog\/wp-json\/wp\/v2\/posts"}],"about":[{"href":"https:\/\/verduweb.com\/blog\/wp-json\/wp\/v2\/types\/post"}],"author":[{"embeddable":true,"href":"https:\/\/verduweb.com\/blog\/wp-json\/wp\/v2\/users\/11"}],"replies":[{"embeddable":true,"href":"https:\/\/verduweb.com\/blog\/wp-json\/wp\/v2\/comments?post=4294"}],"version-history":[{"count":10,"href":"https:\/\/verduweb.com\/blog\/wp-json\/wp\/v2\/posts\/4294\/revisions"}],"predecessor-version":[{"id":4426,"href":"https:\/\/verduweb.com\/blog\/wp-json\/wp\/v2\/posts\/4294\/revisions\/4426"}],"wp:featuredmedia":[{"embeddable":true,"href":"https:\/\/verduweb.com\/blog\/wp-json\/wp\/v2\/media\/4296"}],"wp:attachment":[{"href":"https:\/\/verduweb.com\/blog\/wp-json\/wp\/v2\/media?parent=4294"}],"wp:term":[{"taxonomy":"category","embeddable":true,"href":"https:\/\/verduweb.com\/blog\/wp-json\/wp\/v2\/categories?post=4294"},{"taxonomy":"post_tag","embeddable":true,"href":"https:\/\/verduweb.com\/blog\/wp-json\/wp\/v2\/tags?post=4294"}],"curies":[{"name":"wp","href":"https:\/\/api.w.org\/{rel}","templated":true}]}}